{"id":16203,"date":"2025-12-01T09:32:43","date_gmt":"2025-12-01T08:32:43","guid":{"rendered":"https:\/\/agora.xtec.cat\/escolalavilapalamos\/?p=16203"},"modified":"2025-12-01T09:32:43","modified_gmt":"2025-12-01T08:32:43","slug":"el-viatgem-a-6e","status":"publish","type":"post","link":"https:\/\/agora.xtec.cat\/escolalavilapalamos\/general\/el-viatgem-a-6e\/","title":{"rendered":"El Viatgem a 6\u00e8"},"content":{"rendered":"<p><span style=\"font-weight: 400;\"><a href=\"https:\/\/agora.xtec.cat\/escolalavilapalamos\/wp-content\/uploads\/usu897\/2025\/11\/Provincies.svg.png\"><img loading=\"lazy\" decoding=\"async\" class=\"aligncenter size-medium wp-image-16205\" src=\"https:\/\/agora.xtec.cat\/escolalavilapalamos\/wp-content\/uploads\/usu897\/2025\/11\/Provincies.svg-300x290.png\" alt=\"\" width=\"300\" height=\"290\" srcset=\"https:\/\/agora.xtec.cat\/escolalavilapalamos\/wp-content\/uploads\/usu897\/2025\/11\/Provincies.svg-300x290.png 300w, https:\/\/agora.xtec.cat\/escolalavilapalamos\/wp-content\/uploads\/usu897\/2025\/11\/Provincies.svg.png 500w\" sizes=\"auto, (max-width: 300px) 100vw, 300px\" \/><\/a>Els i les alumnes de sis\u00e8 d\u2019Educaci\u00f3 Prim\u00e0ria de l\u2019escola la Vila han comen\u00e7at el Viatgem, aquest curs, durem a terme diversos viatges per les comarques de Catalunya. Cada setmana un alumne diferent llan\u00e7ar\u00e0 en el mapa gegant que tenim a la classe un dard i all\u00e0 on faci diana ser\u00e0 la comarca que visitarem. Aquesta din\u00e0mica consta de dues parts. Una en qu\u00e8 de forma individual, realitzaran la recerca de la informaci\u00f3 de la comarca i la compartiran amb els membres de l\u2019equip i, una altra, on es plasmaran tot el recull. L\u2019alumnat generar\u00e0 un document a trav\u00e9s de la plataforma Genially on crear\u00e0 tantes diapositives com comarques h\u00e0gim viatjat. D\u2019aquesta manera, cada infant tindr\u00e0 un document d\u2019elaboraci\u00f3 propi on es vegi tota la feina del curs.<\/span><\/p>\n<p><span style=\"font-weight: 400;\">A cada viatge tractarem diferents \u00e0mbits: el mapa comarcal, la prov\u00edncia, la capital, el nombre d\u2019habitants, els monuments i fets hist\u00f2rics, els personatges rellevants, la gastronomia, les festes i tradicions, el paisatge i algunes curiositats.\u00a0<\/span><\/p>\n<p><span style=\"font-weight: 400;\">A m\u00e9s a m\u00e9s de con\u00e8ixer les caracter\u00edstiques del nostre territori, tamb\u00e9 ens centrarem en altres \u00e0mbits com per exemple: saber realitzar una bona recerca, seleccionar aquella informaci\u00f3 que \u00e9s fiable i vera\u00e7 o aplicar estrat\u00e8gies per plasmar totes les dades en una plataforma virtual com \u00e9s el Genially.<\/span><\/p>\n<p><span style=\"font-weight: 400;\">\u00c9s un projecte que t\u00e9 als alumnes molt motivats i que ens ajuda a con\u00e8ixer m\u00e9s Catalunya. L\u2019alumnat acabar\u00e0 el curs amb un bagatge d\u2019informaci\u00f3 que ens apropar\u00e0 al nostre objectiu, aprofundir en el coneixement de les comarques catalanes.<\/span><\/p>\n","protected":false},"excerpt":{"rendered":"<p><a href=\"https:\/\/agora.xtec.cat\/escolalavilapalamos\/wp-content\/uploads\/usu897\/2025\/11\/Provincies.svg.png\"><\/a>Els i les alumnes de sis\u00e8 d\u2019Educaci\u00f3 Prim\u00e0ria de l\u2019escola la Vila han comen\u00e7at el Viatgem, aquest curs, durem a terme diversos viatges per les comarques de Catalunya. Cada setmana un alumne diferent llan\u00e7ar\u00e0 en el mapa gegant que tenim a la classe un&hellip;  <a href=\"https:\/\/agora.xtec.cat\/escolalavilapalamos\/general\/el-viatgem-a-6e\/\" title=\"Read El Viatgem a 6\u00e8\">Llegeix m\u00e9s\u00bb<\/a><\/p>\n","protected":false},"author":132,"featured_media":0,"comment_status":"open","ping_status":"open","sticky":false,"template":"","format":"standard","meta":{"_bbp_topic_count":0,"_bbp_reply_count":0,"_bbp_total_topic_count":0,"_bbp_total_reply_count":0,"_bbp_voice_count":0,"_bbp_anonymous_reply_count":0,"_bbp_topic_count_hidden":0,"_bbp_reply_count_hidden":0,"_bbp_forum_subforum_count":0,"footnotes":""},"categories":[15,128,1,4,5],"tags":[],"class_list":["post-16203","post","type-post","status-publish","format-standard","hentry","category-6e","category-comunitat-de-grans","category-general","category-portada","category-primaria"],"post_mailing_queue_ids":[],"_links":{"self":[{"href":"https:\/\/agora.xtec.cat\/escolalavilapalamos\/wp-json\/wp\/v2\/posts\/16203","targetHints":{"allow":["GET"]}}],"collection":[{"href":"https:\/\/agora.xtec.cat\/escolalavilapalamos\/wp-json\/wp\/v2\/posts"}],"about":[{"href":"https:\/\/agora.xtec.cat\/escolalavilapalamos\/wp-json\/wp\/v2\/types\/post"}],"author":[{"embeddable":true,"href":"https:\/\/agora.xtec.cat\/escolalavilapalamos\/wp-json\/wp\/v2\/users\/132"}],"replies":[{"embeddable":true,"href":"https:\/\/agora.xtec.cat\/escolalavilapalamos\/wp-json\/wp\/v2\/comments?post=16203"}],"version-history":[{"count":3,"href":"https:\/\/agora.xtec.cat\/escolalavilapalamos\/wp-json\/wp\/v2\/posts\/16203\/revisions"}],"predecessor-version":[{"id":16207,"href":"https:\/\/agora.xtec.cat\/escolalavilapalamos\/wp-json\/wp\/v2\/posts\/16203\/revisions\/16207"}],"wp:attachment":[{"href":"https:\/\/agora.xtec.cat\/escolalavilapalamos\/wp-json\/wp\/v2\/media?parent=16203"}],"wp:term":[{"taxonomy":"category","embeddable":true,"href":"https:\/\/agora.xtec.cat\/escolalavilapalamos\/wp-json\/wp\/v2\/categories?post=16203"},{"taxonomy":"post_tag","embeddable":true,"href":"https:\/\/agora.xtec.cat\/escolalavilapalamos\/wp-json\/wp\/v2\/tags?post=16203"}],"curies":[{"name":"wp","href":"https:\/\/api.w.org\/{rel}","templated":true}]}}