{"id":16159,"date":"2025-11-24T10:12:15","date_gmt":"2025-11-24T09:12:15","guid":{"rendered":"https:\/\/agora.xtec.cat\/escolalavilapalamos\/?p=16159"},"modified":"2025-11-24T10:12:15","modified_gmt":"2025-11-24T09:12:15","slug":"a-2n-hem-acabat-piscina","status":"publish","type":"post","link":"https:\/\/agora.xtec.cat\/escolalavilapalamos\/general\/a-2n-hem-acabat-piscina\/","title":{"rendered":"A 2N HEM ACABAT PISCINA!"},"content":{"rendered":"<blockquote><p><a href=\"https:\/\/agora.xtec.cat\/escolalavilapalamos\/wp-content\/uploads\/usu897\/2025\/11\/IMG_20250915_101222-scaled.jpg\"><img loading=\"lazy\" decoding=\"async\" class=\"size-medium wp-image-16164 aligncenter\" src=\"https:\/\/agora.xtec.cat\/escolalavilapalamos\/wp-content\/uploads\/usu897\/2025\/11\/IMG_20250915_101222-300x225.jpg\" alt=\"\" width=\"300\" height=\"225\" srcset=\"https:\/\/agora.xtec.cat\/escolalavilapalamos\/wp-content\/uploads\/usu897\/2025\/11\/IMG_20250915_101222-300x225.jpg 300w, https:\/\/agora.xtec.cat\/escolalavilapalamos\/wp-content\/uploads\/usu897\/2025\/11\/IMG_20250915_101222-1024x768.jpg 1024w, https:\/\/agora.xtec.cat\/escolalavilapalamos\/wp-content\/uploads\/usu897\/2025\/11\/IMG_20250915_101222-768x576.jpg 768w, https:\/\/agora.xtec.cat\/escolalavilapalamos\/wp-content\/uploads\/usu897\/2025\/11\/IMG_20250915_101222-1536x1152.jpg 1536w, https:\/\/agora.xtec.cat\/escolalavilapalamos\/wp-content\/uploads\/usu897\/2025\/11\/IMG_20250915_101222-2048x1536.jpg 2048w, https:\/\/agora.xtec.cat\/escolalavilapalamos\/wp-content\/uploads\/usu897\/2025\/11\/IMG_20250915_101222-200x150.jpg 200w\" sizes=\"auto, (max-width: 300px) 100vw, 300px\" \/><\/a><\/p><\/blockquote>\n<p style=\"text-align: left;\">Al llarg d&#8217;aquest trimestre els infants de 2n han realitzat 10 sessions a la piscina mancomunada Mes Gavarres. El curs ens ha perm\u00e8s treballar aspectes b\u00e0sics i de perfeccionament d&#8217;aquest esport, aix\u00ed com l&#8217;autonomia en el medi aqu\u00e0tic. Ha estat molt motivador i divertit!<\/p>\n","protected":false},"excerpt":{"rendered":"<p><a href=\"https:\/\/agora.xtec.cat\/escolalavilapalamos\/wp-content\/uploads\/usu897\/2025\/11\/IMG_20250915_101222-scaled.jpg\"><\/a><br \/>\nAl llarg d&#8217;aquest trimestre els infants de 2n han realitzat 10 sessions a la piscina mancomunada Mes Gavarres. El curs ens ha perm\u00e8s treballar aspectes b\u00e0sics i de perfeccionament d&#8217;aquest esport, aix\u00ed com l&#8217;autonomia en el medi aqu\u00e0tic. Ha estat molt motivador i divertit!<\/p>\n","protected":false},"author":131,"featured_media":0,"comment_status":"open","ping_status":"open","sticky":false,"template":"","format":"standard","meta":{"_bbp_topic_count":0,"_bbp_reply_count":0,"_bbp_total_topic_count":0,"_bbp_total_reply_count":0,"_bbp_voice_count":0,"_bbp_anonymous_reply_count":0,"_bbp_topic_count_hidden":0,"_bbp_reply_count_hidden":0,"_bbp_forum_subforum_count":0,"footnotes":""},"categories":[127,70,67,1,4,5],"tags":[],"class_list":["post-16159","post","type-post","status-publish","format-standard","hentry","category-comunitat-de-mitjans","category-efi","category-especialistes","category-general","category-portada","category-primaria"],"post_mailing_queue_ids":[],"_links":{"self":[{"href":"https:\/\/agora.xtec.cat\/escolalavilapalamos\/wp-json\/wp\/v2\/posts\/16159","targetHints":{"allow":["GET"]}}],"collection":[{"href":"https:\/\/agora.xtec.cat\/escolalavilapalamos\/wp-json\/wp\/v2\/posts"}],"about":[{"href":"https:\/\/agora.xtec.cat\/escolalavilapalamos\/wp-json\/wp\/v2\/types\/post"}],"author":[{"embeddable":true,"href":"https:\/\/agora.xtec.cat\/escolalavilapalamos\/wp-json\/wp\/v2\/users\/131"}],"replies":[{"embeddable":true,"href":"https:\/\/agora.xtec.cat\/escolalavilapalamos\/wp-json\/wp\/v2\/comments?post=16159"}],"version-history":[{"count":3,"href":"https:\/\/agora.xtec.cat\/escolalavilapalamos\/wp-json\/wp\/v2\/posts\/16159\/revisions"}],"predecessor-version":[{"id":16166,"href":"https:\/\/agora.xtec.cat\/escolalavilapalamos\/wp-json\/wp\/v2\/posts\/16159\/revisions\/16166"}],"wp:attachment":[{"href":"https:\/\/agora.xtec.cat\/escolalavilapalamos\/wp-json\/wp\/v2\/media?parent=16159"}],"wp:term":[{"taxonomy":"category","embeddable":true,"href":"https:\/\/agora.xtec.cat\/escolalavilapalamos\/wp-json\/wp\/v2\/categories?post=16159"},{"taxonomy":"post_tag","embeddable":true,"href":"https:\/\/agora.xtec.cat\/escolalavilapalamos\/wp-json\/wp\/v2\/tags?post=16159"}],"curies":[{"name":"wp","href":"https:\/\/api.w.org\/{rel}","templated":true}]}}