{"id":16154,"date":"2025-11-24T15:49:42","date_gmt":"2025-11-24T14:49:42","guid":{"rendered":"https:\/\/agora.xtec.cat\/escolalavilapalamos\/?p=16154"},"modified":"2025-11-24T15:51:40","modified_gmt":"2025-11-24T14:51:40","slug":"nous-projectes-musicals-a-5e-2","status":"publish","type":"post","link":"https:\/\/agora.xtec.cat\/escolalavilapalamos\/general\/nous-projectes-musicals-a-5e-2\/","title":{"rendered":"Nous projectes musicals a 5\u00e8"},"content":{"rendered":"<p><span style=\"font-weight: 400;\">Durant aquest primer trimestre de curs els i les alumnes de 5\u00e8 hem treballat i gaudit de valent a les hores de m\u00fasica. Hem apr\u00e8s nous sabers musicals, can\u00e7ons, jocs de ritme, audicions\u2026 En el seg\u00fcent enlla\u00e7 hi trobareu dues carpetes amb fotografies i v\u00eddeos amb els noms: Obstinat r\u00edtmic i Mercat Persa. Amb aquests petits v\u00eddeos podreu veure el treball de creaci\u00f3 d\u2019un obstinat r\u00edtmic (un ritme constant que es repeteix en una melodia) i el treball de fer una audici\u00f3 activa amb m\u00fasica descriptiva amb: El Mercat Persa, del compositor Albert Ket\u00e8lbey. Animeu-vos a mirar els v\u00eddeos amb els vostres nens\/es i que us expliquin com ha estat el proc\u00e9s de creaci\u00f3!<\/span><\/p>\n<p><a href=\"https:\/\/agora.xtec.cat\/escolalavilapalamos\/wp-content\/uploads\/usu897\/2025\/11\/maxresdefault.jpg\"><img loading=\"lazy\" decoding=\"async\" class=\"aligncenter  wp-image-16180\" src=\"https:\/\/agora.xtec.cat\/escolalavilapalamos\/wp-content\/uploads\/usu897\/2025\/11\/maxresdefault-1024x576.jpg\" alt=\"\" width=\"553\" height=\"311\" srcset=\"https:\/\/agora.xtec.cat\/escolalavilapalamos\/wp-content\/uploads\/usu897\/2025\/11\/maxresdefault-1024x576.jpg 1024w, https:\/\/agora.xtec.cat\/escolalavilapalamos\/wp-content\/uploads\/usu897\/2025\/11\/maxresdefault-300x169.jpg 300w, https:\/\/agora.xtec.cat\/escolalavilapalamos\/wp-content\/uploads\/usu897\/2025\/11\/maxresdefault-768x432.jpg 768w, https:\/\/agora.xtec.cat\/escolalavilapalamos\/wp-content\/uploads\/usu897\/2025\/11\/maxresdefault.jpg 1280w\" sizes=\"auto, (max-width: 553px) 100vw, 553px\" \/><\/a><\/p>\n","protected":false},"excerpt":{"rendered":"<p>Durant aquest primer trimestre de curs els i les alumnes de 5\u00e8 hem treballat i gaudit de valent a les hores de m\u00fasica. Hem apr\u00e8s nous sabers musicals, can\u00e7ons, jocs de ritme, audicions\u2026 En el seg\u00fcent enlla\u00e7 hi trobareu dues carpetes amb fotografies i v\u00eddeos&hellip;  <a href=\"https:\/\/agora.xtec.cat\/escolalavilapalamos\/general\/nous-projectes-musicals-a-5e-2\/\" title=\"Read Nous projectes musicals a 5\u00e8\">Llegeix m\u00e9s\u00bb<\/a><\/p>\n","protected":false},"author":132,"featured_media":0,"comment_status":"open","ping_status":"open","sticky":false,"template":"","format":"standard","meta":{"_bbp_topic_count":0,"_bbp_reply_count":0,"_bbp_total_topic_count":0,"_bbp_total_reply_count":0,"_bbp_voice_count":0,"_bbp_anonymous_reply_count":0,"_bbp_topic_count_hidden":0,"_bbp_reply_count_hidden":0,"_bbp_forum_subforum_count":0,"footnotes":""},"categories":[67,1,4],"tags":[],"class_list":["post-16154","post","type-post","status-publish","format-standard","hentry","category-especialistes","category-general","category-portada"],"post_mailing_queue_ids":[],"_links":{"self":[{"href":"https:\/\/agora.xtec.cat\/escolalavilapalamos\/wp-json\/wp\/v2\/posts\/16154","targetHints":{"allow":["GET"]}}],"collection":[{"href":"https:\/\/agora.xtec.cat\/escolalavilapalamos\/wp-json\/wp\/v2\/posts"}],"about":[{"href":"https:\/\/agora.xtec.cat\/escolalavilapalamos\/wp-json\/wp\/v2\/types\/post"}],"author":[{"embeddable":true,"href":"https:\/\/agora.xtec.cat\/escolalavilapalamos\/wp-json\/wp\/v2\/users\/132"}],"replies":[{"embeddable":true,"href":"https:\/\/agora.xtec.cat\/escolalavilapalamos\/wp-json\/wp\/v2\/comments?post=16154"}],"version-history":[{"count":5,"href":"https:\/\/agora.xtec.cat\/escolalavilapalamos\/wp-json\/wp\/v2\/posts\/16154\/revisions"}],"predecessor-version":[{"id":16181,"href":"https:\/\/agora.xtec.cat\/escolalavilapalamos\/wp-json\/wp\/v2\/posts\/16154\/revisions\/16181"}],"wp:attachment":[{"href":"https:\/\/agora.xtec.cat\/escolalavilapalamos\/wp-json\/wp\/v2\/media?parent=16154"}],"wp:term":[{"taxonomy":"category","embeddable":true,"href":"https:\/\/agora.xtec.cat\/escolalavilapalamos\/wp-json\/wp\/v2\/categories?post=16154"},{"taxonomy":"post_tag","embeddable":true,"href":"https:\/\/agora.xtec.cat\/escolalavilapalamos\/wp-json\/wp\/v2\/tags?post=16154"}],"curies":[{"name":"wp","href":"https:\/\/api.w.org\/{rel}","templated":true}]}}