{"id":16149,"date":"2025-11-24T08:52:44","date_gmt":"2025-11-24T07:52:44","guid":{"rendered":"https:\/\/agora.xtec.cat\/escolalavilapalamos\/?p=16149"},"modified":"2025-11-24T08:52:44","modified_gmt":"2025-11-24T07:52:44","slug":"fem-xarxes-de-relacions-a-3r","status":"publish","type":"post","link":"https:\/\/agora.xtec.cat\/escolalavilapalamos\/general\/fem-xarxes-de-relacions-a-3r\/","title":{"rendered":"Fem xarxes de relacions a 3r!"},"content":{"rendered":"<p><span style=\"font-weight: 400;\">Els nens i les nenes de 3r hem posat un punt i final al Pas del Temps de Treball Globalitzat.\u00a0<\/span><\/p>\n<p><span style=\"font-weight: 400;\">Per tal de tenir un petit esquema de qu\u00e8 hem treballat, hem fet una xarxa de relacions a la llibreta i a l&#8217;aula; d&#8217;aquesta manera podem tenir de manera ordenada els diferents continguts treballats.\u00a0<\/span><\/p>\n<p><span style=\"font-weight: 400;\">Voleu saber qu\u00e8 \u00e9s una <\/span><b>xarxa de relacions? <\/b><span style=\"font-weight: 400;\">Mireu les seg\u00fcents imatges i descobririu com l&#8217;hem fet!<\/span><\/p>\n<p><a href=\"https:\/\/agora.xtec.cat\/escolalavilapalamos\/wp-content\/uploads\/usu897\/2025\/11\/IMG_2359-scaled.jpg\"><img loading=\"lazy\" decoding=\"async\" class=\"alignnone size-medium wp-image-16152\" src=\"https:\/\/agora.xtec.cat\/escolalavilapalamos\/wp-content\/uploads\/usu897\/2025\/11\/IMG_2359-300x225.jpg\" alt=\"\" width=\"300\" height=\"225\" srcset=\"https:\/\/agora.xtec.cat\/escolalavilapalamos\/wp-content\/uploads\/usu897\/2025\/11\/IMG_2359-300x225.jpg 300w, https:\/\/agora.xtec.cat\/escolalavilapalamos\/wp-content\/uploads\/usu897\/2025\/11\/IMG_2359-1024x768.jpg 1024w, https:\/\/agora.xtec.cat\/escolalavilapalamos\/wp-content\/uploads\/usu897\/2025\/11\/IMG_2359-768x576.jpg 768w, https:\/\/agora.xtec.cat\/escolalavilapalamos\/wp-content\/uploads\/usu897\/2025\/11\/IMG_2359-1536x1152.jpg 1536w, https:\/\/agora.xtec.cat\/escolalavilapalamos\/wp-content\/uploads\/usu897\/2025\/11\/IMG_2359-2048x1536.jpg 2048w, https:\/\/agora.xtec.cat\/escolalavilapalamos\/wp-content\/uploads\/usu897\/2025\/11\/IMG_2359-200x150.jpg 200w\" sizes=\"auto, (max-width: 300px) 100vw, 300px\" \/><\/a><a href=\"https:\/\/agora.xtec.cat\/escolalavilapalamos\/wp-content\/uploads\/usu897\/2025\/11\/IMG_2360-scaled.jpg\"><img loading=\"lazy\" decoding=\"async\" class=\"alignnone size-medium wp-image-16151\" src=\"https:\/\/agora.xtec.cat\/escolalavilapalamos\/wp-content\/uploads\/usu897\/2025\/11\/IMG_2360-300x225.jpg\" alt=\"\" width=\"300\" height=\"225\" srcset=\"https:\/\/agora.xtec.cat\/escolalavilapalamos\/wp-content\/uploads\/usu897\/2025\/11\/IMG_2360-300x225.jpg 300w, https:\/\/agora.xtec.cat\/escolalavilapalamos\/wp-content\/uploads\/usu897\/2025\/11\/IMG_2360-1024x768.jpg 1024w, https:\/\/agora.xtec.cat\/escolalavilapalamos\/wp-content\/uploads\/usu897\/2025\/11\/IMG_2360-768x576.jpg 768w, https:\/\/agora.xtec.cat\/escolalavilapalamos\/wp-content\/uploads\/usu897\/2025\/11\/IMG_2360-1536x1152.jpg 1536w, https:\/\/agora.xtec.cat\/escolalavilapalamos\/wp-content\/uploads\/usu897\/2025\/11\/IMG_2360-2048x1536.jpg 2048w, https:\/\/agora.xtec.cat\/escolalavilapalamos\/wp-content\/uploads\/usu897\/2025\/11\/IMG_2360-200x150.jpg 200w\" sizes=\"auto, (max-width: 300px) 100vw, 300px\" \/><\/a><\/p>\n<p><span style=\"font-weight: 400;\">Les xarxes de relacions ens ajuden a estructurar i ordenar tot all\u00f2 que hem apr\u00e8s&#8230; i \u00e9s que realment el pas del temps \u00e9s tan ampli que posar una mica d&#8217;ordre ens ha anat molt b\u00e9!<\/span><\/p>\n<p><span style=\"font-weight: 400;\">Ara que ja sabem fer xarxes de relacions, anirem fent al llarg del curs per tal de tenir un bon recull.<\/span><\/p>\n<p><span style=\"font-weight: 400;\">Podeu veure algunes fotos del treball del Pas del Temps a la carpeta compartida. <\/span><\/p>\n","protected":false},"excerpt":{"rendered":"<p>Els nens i les nenes de 3r hem posat un punt i final al Pas del Temps de Treball Globalitzat.\u00a0<br \/>\nPer tal de tenir un petit esquema de qu\u00e8 hem treballat, hem fet una xarxa de relacions a la llibreta i a l&#8217;aula; d&#8217;aquesta manera podem&hellip;  <a href=\"https:\/\/agora.xtec.cat\/escolalavilapalamos\/general\/fem-xarxes-de-relacions-a-3r\/\" title=\"Read Fem xarxes de relacions a 3r!\">Llegeix m\u00e9s\u00bb<\/a><\/p>\n","protected":false},"author":131,"featured_media":0,"comment_status":"closed","ping_status":"closed","sticky":false,"template":"","format":"standard","meta":{"_bbp_topic_count":0,"_bbp_reply_count":0,"_bbp_total_topic_count":0,"_bbp_total_reply_count":0,"_bbp_voice_count":0,"_bbp_anonymous_reply_count":0,"_bbp_topic_count_hidden":0,"_bbp_reply_count_hidden":0,"_bbp_forum_subforum_count":0,"footnotes":""},"categories":[127,1,4],"tags":[],"class_list":["post-16149","post","type-post","status-publish","format-standard","hentry","category-comunitat-de-mitjans","category-general","category-portada"],"post_mailing_queue_ids":[],"_links":{"self":[{"href":"https:\/\/agora.xtec.cat\/escolalavilapalamos\/wp-json\/wp\/v2\/posts\/16149","targetHints":{"allow":["GET"]}}],"collection":[{"href":"https:\/\/agora.xtec.cat\/escolalavilapalamos\/wp-json\/wp\/v2\/posts"}],"about":[{"href":"https:\/\/agora.xtec.cat\/escolalavilapalamos\/wp-json\/wp\/v2\/types\/post"}],"author":[{"embeddable":true,"href":"https:\/\/agora.xtec.cat\/escolalavilapalamos\/wp-json\/wp\/v2\/users\/131"}],"replies":[{"embeddable":true,"href":"https:\/\/agora.xtec.cat\/escolalavilapalamos\/wp-json\/wp\/v2\/comments?post=16149"}],"version-history":[{"count":2,"href":"https:\/\/agora.xtec.cat\/escolalavilapalamos\/wp-json\/wp\/v2\/posts\/16149\/revisions"}],"predecessor-version":[{"id":16158,"href":"https:\/\/agora.xtec.cat\/escolalavilapalamos\/wp-json\/wp\/v2\/posts\/16149\/revisions\/16158"}],"wp:attachment":[{"href":"https:\/\/agora.xtec.cat\/escolalavilapalamos\/wp-json\/wp\/v2\/media?parent=16149"}],"wp:term":[{"taxonomy":"category","embeddable":true,"href":"https:\/\/agora.xtec.cat\/escolalavilapalamos\/wp-json\/wp\/v2\/categories?post=16149"},{"taxonomy":"post_tag","embeddable":true,"href":"https:\/\/agora.xtec.cat\/escolalavilapalamos\/wp-json\/wp\/v2\/tags?post=16149"}],"curies":[{"name":"wp","href":"https:\/\/api.w.org\/{rel}","templated":true}]}}