{"id":16144,"date":"2025-11-19T11:28:03","date_gmt":"2025-11-19T10:28:03","guid":{"rendered":"https:\/\/agora.xtec.cat\/escolalavilapalamos\/?p=16144"},"modified":"2025-11-19T11:28:23","modified_gmt":"2025-11-19T10:28:23","slug":"sortida-a-sant-joan","status":"publish","type":"post","link":"https:\/\/agora.xtec.cat\/escolalavilapalamos\/general\/sortida-a-sant-joan\/","title":{"rendered":"SORTIDA A SANT JOAN"},"content":{"rendered":"<p>Hola fam\u00edlies d&#8217;I5:<\/p>\n<p>Seguint el treball d&#8217;aquest curs d&#8217;aprendre m\u00e9s coses del nostre poble, us hem compartit fotografies de moments que vam gaudir de la visita a Sant Joan, com els carrers antics, les masies, l&#8217;olivera, l&#8217;Esgl\u00e9sia i la pla\u00e7a Moss\u00e8n Gumersind.<\/p>\n<p>Vam gaudir molt i ens ho vam passar molt b\u00e9!!!<\/p>\n<p><img loading=\"lazy\" decoding=\"async\" class=\"aligncenter wp-image-16145\" src=\"https:\/\/agora.xtec.cat\/escolalavilapalamos\/wp-content\/uploads\/usu897\/2025\/11\/e3020e11-3904-4bdb-8639-4f955b24fec5-225x300.jpg\" alt=\"\" width=\"149\" height=\"199\" srcset=\"https:\/\/agora.xtec.cat\/escolalavilapalamos\/wp-content\/uploads\/usu897\/2025\/11\/e3020e11-3904-4bdb-8639-4f955b24fec5-225x300.jpg 225w, https:\/\/agora.xtec.cat\/escolalavilapalamos\/wp-content\/uploads\/usu897\/2025\/11\/e3020e11-3904-4bdb-8639-4f955b24fec5.jpg 300w\" sizes=\"auto, (max-width: 149px) 100vw, 149px\" \/><\/p>\n","protected":false},"excerpt":{"rendered":"<p>Hola fam\u00edlies d&#8217;I5:<br \/>\nSeguint el treball d&#8217;aquest curs d&#8217;aprendre m\u00e9s coses del nostre poble, us hem compartit fotografies de moments que vam gaudir de la visita a Sant Joan, com els carrers antics, les masies, l&#8217;olivera, l&#8217;Esgl\u00e9sia i la pla\u00e7a Moss\u00e8n Gumersind.<br \/>\nVam gaudir molt i ens&hellip;  <a href=\"https:\/\/agora.xtec.cat\/escolalavilapalamos\/general\/sortida-a-sant-joan\/\" title=\"Read SORTIDA A SANT JOAN\">Llegeix m\u00e9s\u00bb<\/a><\/p>\n","protected":false},"author":128,"featured_media":0,"comment_status":"open","ping_status":"open","sticky":false,"template":"","format":"standard","meta":{"_bbp_topic_count":0,"_bbp_reply_count":0,"_bbp_total_topic_count":0,"_bbp_total_reply_count":0,"_bbp_voice_count":0,"_bbp_anonymous_reply_count":0,"_bbp_topic_count_hidden":0,"_bbp_reply_count_hidden":0,"_bbp_forum_subforum_count":0,"footnotes":""},"categories":[1,4],"tags":[],"class_list":["post-16144","post","type-post","status-publish","format-standard","hentry","category-general","category-portada"],"post_mailing_queue_ids":[],"_links":{"self":[{"href":"https:\/\/agora.xtec.cat\/escolalavilapalamos\/wp-json\/wp\/v2\/posts\/16144","targetHints":{"allow":["GET"]}}],"collection":[{"href":"https:\/\/agora.xtec.cat\/escolalavilapalamos\/wp-json\/wp\/v2\/posts"}],"about":[{"href":"https:\/\/agora.xtec.cat\/escolalavilapalamos\/wp-json\/wp\/v2\/types\/post"}],"author":[{"embeddable":true,"href":"https:\/\/agora.xtec.cat\/escolalavilapalamos\/wp-json\/wp\/v2\/users\/128"}],"replies":[{"embeddable":true,"href":"https:\/\/agora.xtec.cat\/escolalavilapalamos\/wp-json\/wp\/v2\/comments?post=16144"}],"version-history":[{"count":2,"href":"https:\/\/agora.xtec.cat\/escolalavilapalamos\/wp-json\/wp\/v2\/posts\/16144\/revisions"}],"predecessor-version":[{"id":16147,"href":"https:\/\/agora.xtec.cat\/escolalavilapalamos\/wp-json\/wp\/v2\/posts\/16144\/revisions\/16147"}],"wp:attachment":[{"href":"https:\/\/agora.xtec.cat\/escolalavilapalamos\/wp-json\/wp\/v2\/media?parent=16144"}],"wp:term":[{"taxonomy":"category","embeddable":true,"href":"https:\/\/agora.xtec.cat\/escolalavilapalamos\/wp-json\/wp\/v2\/categories?post=16144"},{"taxonomy":"post_tag","embeddable":true,"href":"https:\/\/agora.xtec.cat\/escolalavilapalamos\/wp-json\/wp\/v2\/tags?post=16144"}],"curies":[{"name":"wp","href":"https:\/\/api.w.org\/{rel}","templated":true}]}}