{"id":16140,"date":"2025-11-16T20:14:42","date_gmt":"2025-11-16T19:14:42","guid":{"rendered":"https:\/\/agora.xtec.cat\/escolalavilapalamos\/?p=16140"},"modified":"2025-11-16T20:14:42","modified_gmt":"2025-11-16T19:14:42","slug":"2n-sortida-aeroport-de-girona-i-estacio-caldes","status":"publish","type":"post","link":"https:\/\/agora.xtec.cat\/escolalavilapalamos\/general\/2n-sortida-aeroport-de-girona-i-estacio-caldes\/","title":{"rendered":"2n SORTIDA AEROPORT DE GIRONA I ESTACI\u00d3 CALDES"},"content":{"rendered":"<p><span style=\"font-weight: 400;\">Els alumnes de 2n el divendres 14 de novembre vam anar de sortida a l\u2019aeroport de Girona i a l\u2019estaci\u00f3 de tren de Caldes.\u00a0<\/span><\/p>\n<p><span style=\"font-weight: 400;\">Durant la visita a l\u2019aeroport vam poder viure l\u2019experi\u00e8ncia d\u2019un passatger, des de l\u2019arribada a la terminal, fent la facturaci\u00f3 del nostre equipatge fins a la seva recollida. A la zona terra, vam fer el nostre check-in, passant pels controls de seguretat, visitant la zona d\u2019embarcament fins a entrar a la zona aire. Vam poder aprendre com funcionen el sistema de recollida d\u2019equipatges i el control de la documentaci\u00f3.\u00a0<\/span><\/p>\n<p><span style=\"font-weight: 400;\">Quan vam entrar a la zona aire, vam rebre la vista d\u2019una senyalera, els bombers i una falconera. Ens van poder explicar quines s\u00f3n les seves tasques i fins i tot vam veure una \u00e0liga i un falc\u00f3. Finalment, vam anar a la zona de recollida d\u2019equipatges, per donar per acabada la nostra aventura.\u00a0<\/span><\/p>\n<p><span style=\"font-weight: 400;\">Despr\u00e9s vam anar fins a l\u2019estaci\u00f3 de Caldes, per con\u00e8ixer l\u2019estaci\u00f3, com es compra un bitllet i veure l\u2018arribada del tren.\u00a0<\/span><\/p>\n<p><span style=\"font-weight: 400;\">Va ser un dia ple d\u2019emocions, on vam poder gaudir i aprendre alhora!<\/span><\/p>\n<p><span style=\"font-weight: 400;\">Podreu veure les fotos a la carpeta de 2n que teniu compartida.\u00a0<\/span><\/p>\n<p><a href=\"https:\/\/agora.xtec.cat\/escolalavilapalamos\/wp-content\/uploads\/usu897\/2025\/11\/foto-sortida.jpg\"><img loading=\"lazy\" decoding=\"async\" class=\"alignnone size-medium wp-image-16141\" src=\"https:\/\/agora.xtec.cat\/escolalavilapalamos\/wp-content\/uploads\/usu897\/2025\/11\/foto-sortida-300x218.jpg\" alt=\"\" width=\"300\" height=\"218\" srcset=\"https:\/\/agora.xtec.cat\/escolalavilapalamos\/wp-content\/uploads\/usu897\/2025\/11\/foto-sortida-300x218.jpg 300w, https:\/\/agora.xtec.cat\/escolalavilapalamos\/wp-content\/uploads\/usu897\/2025\/11\/foto-sortida-1024x743.jpg 1024w, https:\/\/agora.xtec.cat\/escolalavilapalamos\/wp-content\/uploads\/usu897\/2025\/11\/foto-sortida-768x557.jpg 768w, https:\/\/agora.xtec.cat\/escolalavilapalamos\/wp-content\/uploads\/usu897\/2025\/11\/foto-sortida.jpg 1187w\" sizes=\"auto, (max-width: 300px) 100vw, 300px\" \/><\/a><\/p>\n","protected":false},"excerpt":{"rendered":"<p>Els alumnes de 2n el divendres 14 de novembre vam anar de sortida a l\u2019aeroport de Girona i a l\u2019estaci\u00f3 de tren de Caldes.\u00a0<br \/>\nDurant la visita a l\u2019aeroport vam poder viure l\u2019experi\u00e8ncia d\u2019un passatger, des de l\u2019arribada a la terminal, fent la facturaci\u00f3 del nostre&hellip;  <a href=\"https:\/\/agora.xtec.cat\/escolalavilapalamos\/general\/2n-sortida-aeroport-de-girona-i-estacio-caldes\/\" title=\"Read 2n SORTIDA AEROPORT DE GIRONA I ESTACI\u00d3 CALDES\">Llegeix m\u00e9s\u00bb<\/a><\/p>\n","protected":false},"author":131,"featured_media":0,"comment_status":"open","ping_status":"open","sticky":false,"template":"","format":"standard","meta":{"_bbp_topic_count":0,"_bbp_reply_count":0,"_bbp_total_topic_count":0,"_bbp_total_reply_count":0,"_bbp_voice_count":0,"_bbp_anonymous_reply_count":0,"_bbp_topic_count_hidden":0,"_bbp_reply_count_hidden":0,"_bbp_forum_subforum_count":0,"footnotes":""},"categories":[127,1,4],"tags":[],"class_list":["post-16140","post","type-post","status-publish","format-standard","hentry","category-comunitat-de-mitjans","category-general","category-portada"],"post_mailing_queue_ids":[],"_links":{"self":[{"href":"https:\/\/agora.xtec.cat\/escolalavilapalamos\/wp-json\/wp\/v2\/posts\/16140","targetHints":{"allow":["GET"]}}],"collection":[{"href":"https:\/\/agora.xtec.cat\/escolalavilapalamos\/wp-json\/wp\/v2\/posts"}],"about":[{"href":"https:\/\/agora.xtec.cat\/escolalavilapalamos\/wp-json\/wp\/v2\/types\/post"}],"author":[{"embeddable":true,"href":"https:\/\/agora.xtec.cat\/escolalavilapalamos\/wp-json\/wp\/v2\/users\/131"}],"replies":[{"embeddable":true,"href":"https:\/\/agora.xtec.cat\/escolalavilapalamos\/wp-json\/wp\/v2\/comments?post=16140"}],"version-history":[{"count":2,"href":"https:\/\/agora.xtec.cat\/escolalavilapalamos\/wp-json\/wp\/v2\/posts\/16140\/revisions"}],"predecessor-version":[{"id":16143,"href":"https:\/\/agora.xtec.cat\/escolalavilapalamos\/wp-json\/wp\/v2\/posts\/16140\/revisions\/16143"}],"wp:attachment":[{"href":"https:\/\/agora.xtec.cat\/escolalavilapalamos\/wp-json\/wp\/v2\/media?parent=16140"}],"wp:term":[{"taxonomy":"category","embeddable":true,"href":"https:\/\/agora.xtec.cat\/escolalavilapalamos\/wp-json\/wp\/v2\/categories?post=16140"},{"taxonomy":"post_tag","embeddable":true,"href":"https:\/\/agora.xtec.cat\/escolalavilapalamos\/wp-json\/wp\/v2\/tags?post=16140"}],"curies":[{"name":"wp","href":"https:\/\/api.w.org\/{rel}","templated":true}]}}