{"id":16131,"date":"2025-11-19T08:25:38","date_gmt":"2025-11-19T07:25:38","guid":{"rendered":"https:\/\/agora.xtec.cat\/escolalavilapalamos\/?p=16131"},"modified":"2025-11-13T12:43:19","modified_gmt":"2025-11-13T11:43:19","slug":"campanya-solidaria-recollim-de-roba-i-sabates","status":"publish","type":"post","link":"https:\/\/agora.xtec.cat\/escolalavilapalamos\/general\/campanya-solidaria-recollim-de-roba-i-sabates\/","title":{"rendered":"Campanya solid\u00e0ria: recollim de roba i sabates"},"content":{"rendered":"<p>Com cada any, a l\u2019escola <strong>recollim roba i sabates<\/strong>\u00a0per ajuda humanit\u00e0ria.<\/p>\n<p>Des de Mariola Solid\u00e0ria i l\u2019 ONG Global Humanit\u00e0ria ens han portat bosses per recollir roba i sabates. La mainada de l&#8217;escola portar\u00e0 la bossa a casa entre dijous 20 i divendres 21 de novembre.<\/p>\n<p><strong>La recollida es far\u00e0 del 24 de novembre a l&#8217;1 de desembre.<\/strong>\u00a0Cal deixar les bosses sota l\u2019escala de prim\u00e0ria o infantil.<a href=\"https:\/\/agora.xtec.cat\/escolalavilapalamos\/wp-content\/uploads\/usu897\/2024\/05\/solidaria.jpg\"><img loading=\"lazy\" decoding=\"async\" class=\"size-medium wp-image-14598 alignright\" src=\"https:\/\/agora.xtec.cat\/escolalavilapalamos\/wp-content\/uploads\/usu897\/2024\/05\/solidaria-300x188.jpg\" sizes=\"auto, (max-width: 300px) 100vw, 300px\" srcset=\"https:\/\/agora.xtec.cat\/escolalavilapalamos\/wp-content\/uploads\/usu897\/2024\/05\/solidaria-300x188.jpg 300w, https:\/\/agora.xtec.cat\/escolalavilapalamos\/wp-content\/uploads\/usu897\/2024\/05\/solidaria-768x480.jpg 768w, https:\/\/agora.xtec.cat\/escolalavilapalamos\/wp-content\/uploads\/usu897\/2024\/05\/solidaria.jpg 800w\" alt=\"\" width=\"300\" height=\"188\" \/><\/a><\/p>\n<p>M\u00e9s informaci\u00f3:\u00a0<a href=\"https:\/\/www.csmariola.com\/\">Mariola Solid\u00e0ria<\/a>\u00a0i\u00a0<a href=\"http:\/\/www.globalhumanitaria.org\/\">ONG Global Humanit\u00e0ria<\/a><\/p>\n<p>Us podeu descarregar\u00a0<a href=\"https:\/\/tokapp.com\/url\/nv2kvy1e\">la circular informativa<\/a><\/p>\n<p>Gr\u00e0cies per la vostra col\u00b7laboraci\u00f3.<\/p>\n<div class=\"addtoany_share_save_container addtoany_content addtoany_content_bottom\"><\/div>\n<div data-a2a-url=\"https:\/\/agora.xtec.cat\/escolalavilapalamos\/general\/campanya-solidaria-recollida-de-roba\/\" data-a2a-title=\"CAMPANYA SOLID\u00c0RIA RECOLLIDA DE ROBA\">\n<div class=\"gmail_default\"><\/div>\n<div class=\"gmail_default\">Les fam\u00edlies\u00a0rebran\u00a0una tokapp el dia 20 amb tota la informaci\u00f3 i hi haur\u00e0 una not\u00edcia a la web de l&#8217;escola.<\/div>\n<\/div>\n","protected":false},"excerpt":{"rendered":"<p>Com cada any, a l\u2019escola recollim roba i sabates\u00a0per ajuda humanit\u00e0ria.<br \/>\nDes de Mariola Solid\u00e0ria i l\u2019 ONG Global Humanit\u00e0ria ens han portat bosses per recollir roba i sabates. La mainada de l&#8217;escola portar\u00e0 la bossa a casa entre dijous 20 i divendres 21 de novembre.<br \/>\nLa&hellip;  <a href=\"https:\/\/agora.xtec.cat\/escolalavilapalamos\/general\/campanya-solidaria-recollim-de-roba-i-sabates\/\" title=\"Read Campanya solid\u00e0ria: recollim de roba i sabates\">Llegeix m\u00e9s\u00bb<\/a><\/p>\n","protected":false},"author":1,"featured_media":0,"comment_status":"open","ping_status":"open","sticky":false,"template":"","format":"standard","meta":{"_bbp_topic_count":0,"_bbp_reply_count":0,"_bbp_total_topic_count":0,"_bbp_total_reply_count":0,"_bbp_voice_count":0,"_bbp_anonymous_reply_count":0,"_bbp_topic_count_hidden":0,"_bbp_reply_count_hidden":0,"_bbp_forum_subforum_count":0,"footnotes":""},"categories":[1,4],"tags":[],"class_list":["post-16131","post","type-post","status-publish","format-standard","hentry","category-general","category-portada"],"post_mailing_queue_ids":[],"_links":{"self":[{"href":"https:\/\/agora.xtec.cat\/escolalavilapalamos\/wp-json\/wp\/v2\/posts\/16131","targetHints":{"allow":["GET"]}}],"collection":[{"href":"https:\/\/agora.xtec.cat\/escolalavilapalamos\/wp-json\/wp\/v2\/posts"}],"about":[{"href":"https:\/\/agora.xtec.cat\/escolalavilapalamos\/wp-json\/wp\/v2\/types\/post"}],"author":[{"embeddable":true,"href":"https:\/\/agora.xtec.cat\/escolalavilapalamos\/wp-json\/wp\/v2\/users\/1"}],"replies":[{"embeddable":true,"href":"https:\/\/agora.xtec.cat\/escolalavilapalamos\/wp-json\/wp\/v2\/comments?post=16131"}],"version-history":[{"count":3,"href":"https:\/\/agora.xtec.cat\/escolalavilapalamos\/wp-json\/wp\/v2\/posts\/16131\/revisions"}],"predecessor-version":[{"id":16134,"href":"https:\/\/agora.xtec.cat\/escolalavilapalamos\/wp-json\/wp\/v2\/posts\/16131\/revisions\/16134"}],"wp:attachment":[{"href":"https:\/\/agora.xtec.cat\/escolalavilapalamos\/wp-json\/wp\/v2\/media?parent=16131"}],"wp:term":[{"taxonomy":"category","embeddable":true,"href":"https:\/\/agora.xtec.cat\/escolalavilapalamos\/wp-json\/wp\/v2\/categories?post=16131"},{"taxonomy":"post_tag","embeddable":true,"href":"https:\/\/agora.xtec.cat\/escolalavilapalamos\/wp-json\/wp\/v2\/tags?post=16131"}],"curies":[{"name":"wp","href":"https:\/\/api.w.org\/{rel}","templated":true}]}}