{"id":16126,"date":"2025-11-10T12:52:06","date_gmt":"2025-11-10T11:52:06","guid":{"rendered":"https:\/\/agora.xtec.cat\/escolalavilapalamos\/?p=16126"},"modified":"2025-11-10T12:52:06","modified_gmt":"2025-11-10T11:52:06","slug":"el-pas-del-temps-2","status":"publish","type":"post","link":"https:\/\/agora.xtec.cat\/escolalavilapalamos\/general\/el-pas-del-temps-2\/","title":{"rendered":"EL PAS DEL TEMPS"},"content":{"rendered":"<p style=\"text-align: left;\">Els nois i noies de 5\u00e8 estem treballant el pas del temps. Hem apr\u00e8s les etapes de la hist\u00f2ria i hem descobert com hem anat evolucionant al llarg dels anys. De cada etapa ens hem centrat en la cronologia, els costums, els esdeveniments m\u00e9s importants i els invents. Hem observat que al llarg de la hist\u00f2ria hi ha hagut canvis molt importants i que tot el que ha passat ens ajuda a entendre moltes coses del present que vivim. Ens podem imaginar quina i com ser\u00e0 la seg\u00fcent etapa?<\/p>\n<p style=\"text-align: left;\">Podreu veure totes les fotos a la carpeta de 5\u00e8 que teniu compartida.<\/p>\n<p><a href=\"https:\/\/agora.xtec.cat\/escolalavilapalamos\/wp-content\/uploads\/usu897\/2025\/11\/IMG_1824-1.jpg\"><img loading=\"lazy\" decoding=\"async\" class=\"aligncenter wp-image-16128\" src=\"https:\/\/agora.xtec.cat\/escolalavilapalamos\/wp-content\/uploads\/usu897\/2025\/11\/IMG_1824-1.jpg\" alt=\"\" width=\"304\" height=\"250\" srcset=\"https:\/\/agora.xtec.cat\/escolalavilapalamos\/wp-content\/uploads\/usu897\/2025\/11\/IMG_1824-1.jpg 2027w, https:\/\/agora.xtec.cat\/escolalavilapalamos\/wp-content\/uploads\/usu897\/2025\/11\/IMG_1824-1-300x247.jpg 300w, https:\/\/agora.xtec.cat\/escolalavilapalamos\/wp-content\/uploads\/usu897\/2025\/11\/IMG_1824-1-1024x843.jpg 1024w, https:\/\/agora.xtec.cat\/escolalavilapalamos\/wp-content\/uploads\/usu897\/2025\/11\/IMG_1824-1-768x632.jpg 768w, https:\/\/agora.xtec.cat\/escolalavilapalamos\/wp-content\/uploads\/usu897\/2025\/11\/IMG_1824-1-1536x1264.jpg 1536w\" sizes=\"auto, (max-width: 304px) 100vw, 304px\" \/><\/a><\/p>\n<p><a href=\"https:\/\/agora.xtec.cat\/escolalavilapalamos\/wp-content\/uploads\/usu897\/2025\/11\/IMG_1824.heic\"><img decoding=\"async\" class=\"aligncenter size-full wp-image-16127\" src=\"https:\/\/agora.xtec.cat\/escolalavilapalamos\/wp-content\/uploads\/usu897\/2025\/11\/IMG_1824.heic\" alt=\"\" \/><\/a><\/p>\n","protected":false},"excerpt":{"rendered":"<p>Els nois i noies de 5\u00e8 estem treballant el pas del temps. Hem apr\u00e8s les etapes de la hist\u00f2ria i hem descobert com hem anat evolucionant al llarg dels anys. De cada etapa ens hem centrat en la cronologia, els costums, els esdeveniments m\u00e9s importants&hellip;  <a href=\"https:\/\/agora.xtec.cat\/escolalavilapalamos\/general\/el-pas-del-temps-2\/\" title=\"Read EL PAS DEL TEMPS\">Llegeix m\u00e9s\u00bb<\/a><\/p>\n","protected":false},"author":132,"featured_media":0,"comment_status":"open","ping_status":"open","sticky":false,"template":"","format":"standard","meta":{"_bbp_topic_count":0,"_bbp_reply_count":0,"_bbp_total_topic_count":0,"_bbp_total_reply_count":0,"_bbp_voice_count":0,"_bbp_anonymous_reply_count":0,"_bbp_topic_count_hidden":0,"_bbp_reply_count_hidden":0,"_bbp_forum_subforum_count":0,"footnotes":""},"categories":[128,1,4],"tags":[],"class_list":["post-16126","post","type-post","status-publish","format-standard","hentry","category-comunitat-de-grans","category-general","category-portada"],"post_mailing_queue_ids":[],"_links":{"self":[{"href":"https:\/\/agora.xtec.cat\/escolalavilapalamos\/wp-json\/wp\/v2\/posts\/16126","targetHints":{"allow":["GET"]}}],"collection":[{"href":"https:\/\/agora.xtec.cat\/escolalavilapalamos\/wp-json\/wp\/v2\/posts"}],"about":[{"href":"https:\/\/agora.xtec.cat\/escolalavilapalamos\/wp-json\/wp\/v2\/types\/post"}],"author":[{"embeddable":true,"href":"https:\/\/agora.xtec.cat\/escolalavilapalamos\/wp-json\/wp\/v2\/users\/132"}],"replies":[{"embeddable":true,"href":"https:\/\/agora.xtec.cat\/escolalavilapalamos\/wp-json\/wp\/v2\/comments?post=16126"}],"version-history":[{"count":2,"href":"https:\/\/agora.xtec.cat\/escolalavilapalamos\/wp-json\/wp\/v2\/posts\/16126\/revisions"}],"predecessor-version":[{"id":16130,"href":"https:\/\/agora.xtec.cat\/escolalavilapalamos\/wp-json\/wp\/v2\/posts\/16126\/revisions\/16130"}],"wp:attachment":[{"href":"https:\/\/agora.xtec.cat\/escolalavilapalamos\/wp-json\/wp\/v2\/media?parent=16126"}],"wp:term":[{"taxonomy":"category","embeddable":true,"href":"https:\/\/agora.xtec.cat\/escolalavilapalamos\/wp-json\/wp\/v2\/categories?post=16126"},{"taxonomy":"post_tag","embeddable":true,"href":"https:\/\/agora.xtec.cat\/escolalavilapalamos\/wp-json\/wp\/v2\/tags?post=16126"}],"curies":[{"name":"wp","href":"https:\/\/api.w.org\/{rel}","templated":true}]}}