{"id":16120,"date":"2025-11-07T12:59:31","date_gmt":"2025-11-07T11:59:31","guid":{"rendered":"https:\/\/agora.xtec.cat\/escolalavilapalamos\/?p=16120"},"modified":"2025-11-07T12:59:31","modified_gmt":"2025-11-07T11:59:31","slug":"los-alebrijes-a-4t-portada-de-lagenda","status":"publish","type":"post","link":"https:\/\/agora.xtec.cat\/escolalavilapalamos\/general\/los-alebrijes-a-4t-portada-de-lagenda\/","title":{"rendered":"Los alebrijes a 4t (portada de l&#8217;agenda)"},"content":{"rendered":"<p><span style=\"font-family: Calibri, serif;\"><span lang=\"ca-ES\">A classe hem estat treballant el text descriptiu d\u2019una manera molt especial i creativa: a partir dels Alebrijes!<\/span><\/span><\/p>\n<p><span style=\"font-family: Calibri, serif;\"><span lang=\"ca-ES\">Primer vam investigar qu\u00e8 s\u00f3n aquests \u00e9ssers fant\u00e0stics de colors vius, t\u00edpics de la cultura mexicana. Vam descobrir que els Alebrijes s\u00f3n animals imaginaris formats per parts de diferents criatures i que cadascun d\u2019ells t\u00e9 un significat especial. Ens vam adonar que, igual que els Alebrijes, tots nosaltres som \u00fanics i tenim qualitats que ens fan especials.<\/span><\/span><\/p>\n<p><span style=\"font-family: Calibri, serif;\"><span lang=\"ca-ES\">Despr\u00e9s d\u2019aquesta investigaci\u00f3, cadasc\u00fa va crear el seu propi Alebrije, que ens representa i parla de com som. Vam escriure la seva descripci\u00f3 treballant les parts del text descriptiu: com \u00e9s f\u00edsicament, quin car\u00e0cter t\u00e9, qu\u00e8 simbolitz<\/span><\/span><span style=\"font-family: Calibri, serif;\"><span lang=\"ca-ES\">en<\/span><\/span><span style=\"font-family: Calibri, serif;\"><span lang=\"ca-ES\">\u00a0<\/span><\/span><span style=\"font-family: Calibri, serif;\"><span lang=\"ca-ES\">els colors que hem triat, quin<\/span><\/span><\/p>\n<p><span style=\"font-family: Calibri, serif;\"><span lang=\"ca-ES\">Per acabar, hem fet el dibuix del nostre Alebrije i l\u2019hem posat a la portada de l\u2019agenda.\u00a0<\/span><\/span><span style=\"font-family: Calibri, serif;\"><span lang=\"ca-ES\">En lloc del nostre nom, hi ha\u00a0<\/span><\/span><span style=\"font-family: Calibri, serif;\"><span lang=\"ca-ES\">aquest dibuix<\/span><\/span><span style=\"font-family: Calibri, serif;\"><span lang=\"ca-ES\">\u00a0que diu molt de nosaltres i ens identifica d\u2019una manera original i plena de color.<\/span><\/span><\/p>\n<p>CLICA <a href=\"https:\/\/agora.xtec.cat\/escolalavilapalamos\/general\/fotos-alebrije\/\">AQU\u00cd<\/a> PER VEURE LES IMATGES<\/p>\n<p><a href=\"https:\/\/agora.xtec.cat\/escolalavilapalamos\/wp-content\/uploads\/usu897\/2025\/11\/Albrijes-.jpg\"><img loading=\"lazy\" decoding=\"async\" class=\"wp-image-16121 alignleft\" src=\"https:\/\/agora.xtec.cat\/escolalavilapalamos\/wp-content\/uploads\/usu897\/2025\/11\/Albrijes-.jpg\" alt=\"\" width=\"354\" height=\"156\" srcset=\"https:\/\/agora.xtec.cat\/escolalavilapalamos\/wp-content\/uploads\/usu897\/2025\/11\/Albrijes-.jpg 661w, https:\/\/agora.xtec.cat\/escolalavilapalamos\/wp-content\/uploads\/usu897\/2025\/11\/Albrijes--300x132.jpg 300w\" sizes=\"auto, (max-width: 354px) 100vw, 354px\" \/><\/a><\/p>\n<p>&nbsp;<\/p>\n","protected":false},"excerpt":{"rendered":"<p>A classe hem estat treballant el text descriptiu d\u2019una manera molt especial i creativa: a partir dels Alebrijes!<br \/>\nPrimer vam investigar qu\u00e8 s\u00f3n aquests \u00e9ssers fant\u00e0stics de colors vius, t\u00edpics de la cultura mexicana. Vam descobrir que els Alebrijes s\u00f3n animals imaginaris formats per parts de&hellip;  <a href=\"https:\/\/agora.xtec.cat\/escolalavilapalamos\/general\/los-alebrijes-a-4t-portada-de-lagenda\/\" title=\"Read Los alebrijes a 4t (portada de l&#8217;agenda)\">Llegeix m\u00e9s\u00bb<\/a><\/p>\n","protected":false},"author":132,"featured_media":0,"comment_status":"closed","ping_status":"closed","sticky":false,"template":"","format":"standard","meta":{"_bbp_topic_count":0,"_bbp_reply_count":0,"_bbp_total_topic_count":0,"_bbp_total_reply_count":0,"_bbp_voice_count":0,"_bbp_anonymous_reply_count":0,"_bbp_topic_count_hidden":0,"_bbp_reply_count_hidden":0,"_bbp_forum_subforum_count":0,"footnotes":""},"categories":[128,1,4,5],"tags":[],"class_list":["post-16120","post","type-post","status-publish","format-standard","hentry","category-comunitat-de-grans","category-general","category-portada","category-primaria"],"post_mailing_queue_ids":[],"_links":{"self":[{"href":"https:\/\/agora.xtec.cat\/escolalavilapalamos\/wp-json\/wp\/v2\/posts\/16120","targetHints":{"allow":["GET"]}}],"collection":[{"href":"https:\/\/agora.xtec.cat\/escolalavilapalamos\/wp-json\/wp\/v2\/posts"}],"about":[{"href":"https:\/\/agora.xtec.cat\/escolalavilapalamos\/wp-json\/wp\/v2\/types\/post"}],"author":[{"embeddable":true,"href":"https:\/\/agora.xtec.cat\/escolalavilapalamos\/wp-json\/wp\/v2\/users\/132"}],"replies":[{"embeddable":true,"href":"https:\/\/agora.xtec.cat\/escolalavilapalamos\/wp-json\/wp\/v2\/comments?post=16120"}],"version-history":[{"count":2,"href":"https:\/\/agora.xtec.cat\/escolalavilapalamos\/wp-json\/wp\/v2\/posts\/16120\/revisions"}],"predecessor-version":[{"id":16125,"href":"https:\/\/agora.xtec.cat\/escolalavilapalamos\/wp-json\/wp\/v2\/posts\/16120\/revisions\/16125"}],"wp:attachment":[{"href":"https:\/\/agora.xtec.cat\/escolalavilapalamos\/wp-json\/wp\/v2\/media?parent=16120"}],"wp:term":[{"taxonomy":"category","embeddable":true,"href":"https:\/\/agora.xtec.cat\/escolalavilapalamos\/wp-json\/wp\/v2\/categories?post=16120"},{"taxonomy":"post_tag","embeddable":true,"href":"https:\/\/agora.xtec.cat\/escolalavilapalamos\/wp-json\/wp\/v2\/tags?post=16120"}],"curies":[{"name":"wp","href":"https:\/\/api.w.org\/{rel}","templated":true}]}}