{"id":16090,"date":"2025-11-04T11:15:45","date_gmt":"2025-11-04T10:15:45","guid":{"rendered":"https:\/\/agora.xtec.cat\/escolalavilapalamos\/?p=16090"},"modified":"2025-11-04T11:16:46","modified_gmt":"2025-11-04T10:16:46","slug":"preparem-la-castanyada-marxosa-2","status":"publish","type":"post","link":"https:\/\/agora.xtec.cat\/escolalavilapalamos\/portada\/preparem-la-castanyada-marxosa-2\/","title":{"rendered":"Preparem la castanyada marxosa!"},"content":{"rendered":"<p><span style=\"font-weight: 400;\">Ja hem acabat el mes d\u2019octubre i com cada any celebrem la festa de la Castanyada. Amb els cursos de 6\u00e8 hem preparat les can\u00e7ons que els nens i nenes de prim\u00e0ria cantaran i ballaran. La proposta va sorgir dels mateixos alumnes, que un cop decidida la can\u00e7\u00f3 que vol\u00edem personalitzar ens vam\u00a0 organitzar en diferents grups: <\/span><\/p>\n<ul>\n<li><span style=\"font-weight: 400;\">Els encarregats\/ades d\u2019escriure la lletra de la can\u00e7\u00f3.<\/span><\/li>\n<li><span style=\"font-weight: 400;\">Els i les nenes que van preparar els diferents passos de ball.<\/span><\/li>\n<li><span style=\"font-weight: 400;\">Els i les alumnes que van crear les infografies amb la lletra de la can\u00e7\u00f3 escrita.<\/span><\/li>\n<\/ul>\n<p><span style=\"font-weight: 400;\">La part m\u00e9s especial del projecte va ser quan ens vam reunir per gravar les can\u00e7ons que\u00a0<\/span><span style=\"font-weight: 400;\">hem escoltat els i les alumnes de l\u2019escola i les respectives fam\u00edlies. En aquest sentit volem fer un fort agra\u00efment a la Lourdes Valls que ens va ajudar a gravar les can\u00e7ons.<\/span><\/p>\n<p><span style=\"font-weight: 400;\">Voluntaris\/es de 6\u00e8 vam passar per tots els cursos de prim\u00e0ria per ensenyar les can\u00e7ons i danses treballades.<\/span><\/p>\n<p><span style=\"font-weight: 400;\">El resultat de tot plegat ho veurem el dijous 30 a la tarda, dia que celebrarem la castanyada!<\/span><\/p>\n<p>Podem veure les fotos accedint <a href=\"https:\/\/agora.xtec.cat\/escolalavilapalamos\/general\/preparem-la-castanyada-marxosa\/\">aqu\u00ed.<\/a><\/p>\n<p><a href=\"https:\/\/agora.xtec.cat\/escolalavilapalamos\/wp-content\/uploads\/usu897\/2025\/10\/20251013_093651-scaled.jpg\"><img loading=\"lazy\" decoding=\"async\" class=\"aligncenter wp-image-16105\" src=\"https:\/\/agora.xtec.cat\/escolalavilapalamos\/wp-content\/uploads\/usu897\/2025\/10\/20251013_093651-1024x792.jpg\" alt=\"\" width=\"734\" height=\"568\" srcset=\"https:\/\/agora.xtec.cat\/escolalavilapalamos\/wp-content\/uploads\/usu897\/2025\/10\/20251013_093651-1024x792.jpg 1024w, https:\/\/agora.xtec.cat\/escolalavilapalamos\/wp-content\/uploads\/usu897\/2025\/10\/20251013_093651-300x232.jpg 300w, https:\/\/agora.xtec.cat\/escolalavilapalamos\/wp-content\/uploads\/usu897\/2025\/10\/20251013_093651-768x594.jpg 768w, https:\/\/agora.xtec.cat\/escolalavilapalamos\/wp-content\/uploads\/usu897\/2025\/10\/20251013_093651-1536x1187.jpg 1536w, https:\/\/agora.xtec.cat\/escolalavilapalamos\/wp-content\/uploads\/usu897\/2025\/10\/20251013_093651-2048x1583.jpg 2048w\" sizes=\"auto, (max-width: 734px) 100vw, 734px\" \/><\/a><\/p>\n<p>&nbsp;<\/p>\n","protected":false},"excerpt":{"rendered":"<p>Ja hem acabat el mes d\u2019octubre i com cada any celebrem la festa de la Castanyada. Amb els cursos de 6\u00e8 hem preparat les can\u00e7ons que els nens i nenes de prim\u00e0ria cantaran i ballaran. La proposta va sorgir dels mateixos alumnes, que un cop&hellip;  <a href=\"https:\/\/agora.xtec.cat\/escolalavilapalamos\/portada\/preparem-la-castanyada-marxosa-2\/\" title=\"Read Preparem la castanyada marxosa!\">Llegeix m\u00e9s\u00bb<\/a><\/p>\n","protected":false},"author":132,"featured_media":0,"comment_status":"open","ping_status":"open","sticky":false,"template":"","format":"standard","meta":{"_bbp_topic_count":0,"_bbp_reply_count":0,"_bbp_total_topic_count":0,"_bbp_total_reply_count":0,"_bbp_voice_count":0,"_bbp_anonymous_reply_count":0,"_bbp_topic_count_hidden":0,"_bbp_reply_count_hidden":0,"_bbp_forum_subforum_count":0,"footnotes":""},"categories":[128,127,67,4],"tags":[],"class_list":["post-16090","post","type-post","status-publish","format-standard","hentry","category-comunitat-de-grans","category-comunitat-de-mitjans","category-especialistes","category-portada"],"post_mailing_queue_ids":[],"_links":{"self":[{"href":"https:\/\/agora.xtec.cat\/escolalavilapalamos\/wp-json\/wp\/v2\/posts\/16090","targetHints":{"allow":["GET"]}}],"collection":[{"href":"https:\/\/agora.xtec.cat\/escolalavilapalamos\/wp-json\/wp\/v2\/posts"}],"about":[{"href":"https:\/\/agora.xtec.cat\/escolalavilapalamos\/wp-json\/wp\/v2\/types\/post"}],"author":[{"embeddable":true,"href":"https:\/\/agora.xtec.cat\/escolalavilapalamos\/wp-json\/wp\/v2\/users\/132"}],"replies":[{"embeddable":true,"href":"https:\/\/agora.xtec.cat\/escolalavilapalamos\/wp-json\/wp\/v2\/comments?post=16090"}],"version-history":[{"count":4,"href":"https:\/\/agora.xtec.cat\/escolalavilapalamos\/wp-json\/wp\/v2\/posts\/16090\/revisions"}],"predecessor-version":[{"id":16107,"href":"https:\/\/agora.xtec.cat\/escolalavilapalamos\/wp-json\/wp\/v2\/posts\/16090\/revisions\/16107"}],"wp:attachment":[{"href":"https:\/\/agora.xtec.cat\/escolalavilapalamos\/wp-json\/wp\/v2\/media?parent=16090"}],"wp:term":[{"taxonomy":"category","embeddable":true,"href":"https:\/\/agora.xtec.cat\/escolalavilapalamos\/wp-json\/wp\/v2\/categories?post=16090"},{"taxonomy":"post_tag","embeddable":true,"href":"https:\/\/agora.xtec.cat\/escolalavilapalamos\/wp-json\/wp\/v2\/tags?post=16090"}],"curies":[{"name":"wp","href":"https:\/\/api.w.org\/{rel}","templated":true}]}}