{"id":16086,"date":"2025-10-29T10:28:07","date_gmt":"2025-10-29T09:28:07","guid":{"rendered":"https:\/\/agora.xtec.cat\/escolalavilapalamos\/?p=16086"},"modified":"2025-10-29T10:28:35","modified_gmt":"2025-10-29T09:28:35","slug":"musica-a-i3-2","status":"publish","type":"post","link":"https:\/\/agora.xtec.cat\/escolalavilapalamos\/general\/musica-a-i3-2\/","title":{"rendered":"M\u00fasica a I3"},"content":{"rendered":"<p><a href=\"https:\/\/agora.xtec.cat\/escolalavilapalamos\/wp-content\/uploads\/usu897\/2025\/10\/foto-musica.jpg\"><img loading=\"lazy\" decoding=\"async\" class=\"wp-image-16094 alignleft\" src=\"https:\/\/agora.xtec.cat\/escolalavilapalamos\/wp-content\/uploads\/usu897\/2025\/10\/foto-musica-829x1024.jpg\" alt=\"\" width=\"208\" height=\"257\" srcset=\"https:\/\/agora.xtec.cat\/escolalavilapalamos\/wp-content\/uploads\/usu897\/2025\/10\/foto-musica-829x1024.jpg 829w, https:\/\/agora.xtec.cat\/escolalavilapalamos\/wp-content\/uploads\/usu897\/2025\/10\/foto-musica-243x300.jpg 243w, https:\/\/agora.xtec.cat\/escolalavilapalamos\/wp-content\/uploads\/usu897\/2025\/10\/foto-musica-768x948.jpg 768w, https:\/\/agora.xtec.cat\/escolalavilapalamos\/wp-content\/uploads\/usu897\/2025\/10\/foto-musica.jpg 886w\" sizes=\"auto, (max-width: 208px) 100vw, 208px\" \/><\/a><\/p>\n<p><span style=\"font-weight: 400;\">Hem iniciat les especialitats als cursos de I3. Cada dilluns a la tarda fem una sessi\u00f3 de m\u00fasica en la qual ens anem sensibilitzant amb aquesta \u00e0rea. <\/span><span style=\"font-weight: 400;\">Seguim la seg\u00fcent rutina: ens assentem en rotllana al voltant de la Maleta viatgera. Cantem la can\u00e7\u00f3 d\u2019inici de classe: Tinc ganes de fer m\u00fasica. Tot seguit obrim la maleta que ens porta diferents objectes relacionats amb la sessi\u00f3 que farem. Aquest mes d\u2019octubre hem treballat amb cavalls de joguina per cantar la can\u00e7\u00f3: A la fira hi ha un cavall, i fulles de la tardor per cantar: Les fulletes. Un cop hem acabat de cantar realitzarem alguna activitat de moviment i coordinaci\u00f3 o amb instruments. D\u2019aquesta manera cada dilluns ens anem endinsant cada vegada m\u00e9s en el meravell\u00f3s m\u00f3n de la m\u00fasica!<\/span><\/p>\n<p>Podeu veure les fotos clicant <a href=\"https:\/\/agora.xtec.cat\/escolalavilapalamos\/general\/musica-a-i3\/\">aqu\u00ed.<\/a><\/p>\n","protected":false},"excerpt":{"rendered":"<p><a href=\"https:\/\/agora.xtec.cat\/escolalavilapalamos\/wp-content\/uploads\/usu897\/2025\/10\/foto-musica.jpg\"><\/a><br \/>\nHem iniciat les especialitats als cursos de I3. Cada dilluns a la tarda fem una sessi\u00f3 de m\u00fasica en la qual ens anem sensibilitzant amb aquesta \u00e0rea. Seguim la seg\u00fcent rutina: ens assentem en rotllana al voltant de la Maleta viatgera. Cantem la can\u00e7\u00f3&hellip;  <a href=\"https:\/\/agora.xtec.cat\/escolalavilapalamos\/general\/musica-a-i3-2\/\" title=\"Read M\u00fasica a I3\">Llegeix m\u00e9s\u00bb<\/a><\/p>\n","protected":false},"author":128,"featured_media":0,"comment_status":"open","ping_status":"open","sticky":false,"template":"","format":"standard","meta":{"_bbp_topic_count":0,"_bbp_reply_count":0,"_bbp_total_topic_count":0,"_bbp_total_reply_count":0,"_bbp_voice_count":0,"_bbp_anonymous_reply_count":0,"_bbp_topic_count_hidden":0,"_bbp_reply_count_hidden":0,"_bbp_forum_subforum_count":0,"footnotes":""},"categories":[2,67,1,4],"tags":[],"class_list":["post-16086","post","type-post","status-publish","format-standard","hentry","category-infantil","category-especialistes","category-general","category-portada"],"post_mailing_queue_ids":[],"_links":{"self":[{"href":"https:\/\/agora.xtec.cat\/escolalavilapalamos\/wp-json\/wp\/v2\/posts\/16086","targetHints":{"allow":["GET"]}}],"collection":[{"href":"https:\/\/agora.xtec.cat\/escolalavilapalamos\/wp-json\/wp\/v2\/posts"}],"about":[{"href":"https:\/\/agora.xtec.cat\/escolalavilapalamos\/wp-json\/wp\/v2\/types\/post"}],"author":[{"embeddable":true,"href":"https:\/\/agora.xtec.cat\/escolalavilapalamos\/wp-json\/wp\/v2\/users\/128"}],"replies":[{"embeddable":true,"href":"https:\/\/agora.xtec.cat\/escolalavilapalamos\/wp-json\/wp\/v2\/comments?post=16086"}],"version-history":[{"count":3,"href":"https:\/\/agora.xtec.cat\/escolalavilapalamos\/wp-json\/wp\/v2\/posts\/16086\/revisions"}],"predecessor-version":[{"id":16096,"href":"https:\/\/agora.xtec.cat\/escolalavilapalamos\/wp-json\/wp\/v2\/posts\/16086\/revisions\/16096"}],"wp:attachment":[{"href":"https:\/\/agora.xtec.cat\/escolalavilapalamos\/wp-json\/wp\/v2\/media?parent=16086"}],"wp:term":[{"taxonomy":"category","embeddable":true,"href":"https:\/\/agora.xtec.cat\/escolalavilapalamos\/wp-json\/wp\/v2\/categories?post=16086"},{"taxonomy":"post_tag","embeddable":true,"href":"https:\/\/agora.xtec.cat\/escolalavilapalamos\/wp-json\/wp\/v2\/tags?post=16086"}],"curies":[{"name":"wp","href":"https:\/\/api.w.org\/{rel}","templated":true}]}}