{"id":16074,"date":"2025-10-28T09:40:57","date_gmt":"2025-10-28T08:40:57","guid":{"rendered":"https:\/\/agora.xtec.cat\/escolalavilapalamos\/?p=16074"},"modified":"2025-10-29T15:51:59","modified_gmt":"2025-10-29T14:51:59","slug":"eleccions-al-consell-escolar_2025","status":"publish","type":"post","link":"https:\/\/agora.xtec.cat\/escolalavilapalamos\/general\/eleccions-al-consell-escolar_2025\/","title":{"rendered":"Eleccions al Consell Escolar_2025"},"content":{"rendered":"<div>\n<p><a href=\"https:\/\/agora.xtec.cat\/escolalavilapalamos\/wp-content\/uploads\/usu897\/2025\/10\/eleccions-consell-escolar.jpg\"><img loading=\"lazy\" decoding=\"async\" class=\"alignright wp-image-16077 \" src=\"https:\/\/agora.xtec.cat\/escolalavilapalamos\/wp-content\/uploads\/usu897\/2025\/10\/eleccions-consell-escolar.jpg\" alt=\"\" width=\"390\" height=\"554\" srcset=\"https:\/\/agora.xtec.cat\/escolalavilapalamos\/wp-content\/uploads\/usu897\/2025\/10\/eleccions-consell-escolar.jpg 599w, https:\/\/agora.xtec.cat\/escolalavilapalamos\/wp-content\/uploads\/usu897\/2025\/10\/eleccions-consell-escolar-211x300.jpg 211w\" sizes=\"auto, (max-width: 390px) 100vw, 390px\" \/><\/a><\/p>\n<p>El proper <strong>19 de novembre<\/strong> es duran a terme les eleccions al Consell Escolar, un \u00f2rgan col\u00b7legiat de govern essencial per al bon funcionament del centre educatiu.<\/p>\n<\/div>\n<div>\n<p>Segons s&#8217;indica a l&#8217;apartat seixanta-vuit de la LOMLOE 3\/2020, del 29 de desembre, que modifica l&#8217;article 127 de la LOE 2\/2006, del 3 de maig i d&#8217;acord amb l&#8217;article 148 de la Llei 12\/2009, d&#8217;educaci\u00f3, i l&#8217;article 27 del Decret 102\/2010, de 3 d&#8217;agost, el\u00a0consell escolar\u00a0\u00e9s l&#8217;espai de participaci\u00f3 de la comunitat educativa i t\u00e9, entre altres funcions rellevants, l&#8217;aprovaci\u00f3 del projecte educatiu, de les normes d&#8217;organitzaci\u00f3 i funcionament, de la programaci\u00f3 general anual i del pressupost del centre.<\/p>\n<p>El dilluns, dia <strong>27 d&#8217;octubre de 2025<\/strong>, comen\u00e7a el proc\u00e9s de renovaci\u00f3 dels membres del consell escolar. A continuaci\u00f3 us detallem el calendari d&#8217;actuacions:<\/p>\n<p>&#8211; Del <strong>28 al 30 d&#8217;octubre<\/strong> podeu consultar el <strong>cens<\/strong> de fam\u00edlies i alumnat al tauler d&#8217;anuncis interior de l&#8217;escola.<\/p>\n<p>&#8211; Del <strong>29 d&#8217;octubre al 3 de novembre<\/strong>\u00a0podeu fer <strong>reclamacions del cens<\/strong> en cas que les dades siguin incorrectes.<\/p>\n<p>&#8211; El <strong>4 de novembre<\/strong>, si s&#8217;escau, es publicaran les resolucions de les reclamacions del cens i les<strong> llistes definitives<\/strong>.<\/p>\n<p>&#8211; El<strong> 4 de novembre<\/strong> es far\u00e0 el <strong>sorteig per designar els membres vocals<\/strong> de les meses de fam\u00edlies. Us trucarem en cas que us hagi tocat estar a la mesa.<\/p>\n<p>&#8211; Les <strong>candidatures<\/strong> s&#8217;han de presentar a la secretaria del centre <strong>abans del 11 de novembre<\/strong> dirigides a la mesa electoral de fam\u00edlies.<\/p>\n<p>&#8211; Les <strong>candidatures<\/strong> seran <strong>publicades el 12 de novembre<\/strong> als taulells del centre.<\/p>\n<p>&#8211; Abans del <strong>13 de novembre<\/strong>, es pot <strong>sol\u00b7licitar ser supervisor<\/strong> de la mesa electoral de fam\u00edlies. La sol\u00b7licitud s&#8217;ha de presentar a la secretaria del centre dirigida al\/la president\/a de la mesa electoral de fam\u00edlies.<\/p>\n<p>&#8211; El <strong>19 de novembre a partir de les 14:30h<\/strong> podreu dipositar el vostre<strong> vot<\/strong> a l&#8217;espai d&#8217;Acollida matinal, entrada per la rampa.<\/p>\n<p>Us animem a totes les fam\u00edlies a participar del proc\u00e9s!<\/p>\n<\/div>\n","protected":false},"excerpt":{"rendered":"<p><a href=\"https:\/\/agora.xtec.cat\/escolalavilapalamos\/wp-content\/uploads\/usu897\/2025\/10\/eleccions-consell-escolar.jpg\"><\/a><br \/>\nEl proper 19 de novembre es duran a terme les eleccions al Consell Escolar, un \u00f2rgan col\u00b7legiat de govern essencial per al bon funcionament del centre educatiu.<\/p>\n<p>Segons s&#8217;indica a l&#8217;apartat seixanta-vuit de la LOMLOE 3\/2020, del 29 de desembre, que modifica l&#8217;article 127 de&hellip;  <a href=\"https:\/\/agora.xtec.cat\/escolalavilapalamos\/general\/eleccions-al-consell-escolar_2025\/\" title=\"Read Eleccions al Consell Escolar_2025\">Llegeix m\u00e9s\u00bb<\/a><\/p>\n","protected":false},"author":1,"featured_media":0,"comment_status":"open","ping_status":"open","sticky":false,"template":"","format":"standard","meta":{"_bbp_topic_count":0,"_bbp_reply_count":0,"_bbp_total_topic_count":0,"_bbp_total_reply_count":0,"_bbp_voice_count":0,"_bbp_anonymous_reply_count":0,"_bbp_topic_count_hidden":0,"_bbp_reply_count_hidden":0,"_bbp_forum_subforum_count":0,"footnotes":""},"categories":[1,4],"tags":[],"class_list":["post-16074","post","type-post","status-publish","format-standard","hentry","category-general","category-portada"],"post_mailing_queue_ids":[],"_links":{"self":[{"href":"https:\/\/agora.xtec.cat\/escolalavilapalamos\/wp-json\/wp\/v2\/posts\/16074","targetHints":{"allow":["GET"]}}],"collection":[{"href":"https:\/\/agora.xtec.cat\/escolalavilapalamos\/wp-json\/wp\/v2\/posts"}],"about":[{"href":"https:\/\/agora.xtec.cat\/escolalavilapalamos\/wp-json\/wp\/v2\/types\/post"}],"author":[{"embeddable":true,"href":"https:\/\/agora.xtec.cat\/escolalavilapalamos\/wp-json\/wp\/v2\/users\/1"}],"replies":[{"embeddable":true,"href":"https:\/\/agora.xtec.cat\/escolalavilapalamos\/wp-json\/wp\/v2\/comments?post=16074"}],"version-history":[{"count":6,"href":"https:\/\/agora.xtec.cat\/escolalavilapalamos\/wp-json\/wp\/v2\/posts\/16074\/revisions"}],"predecessor-version":[{"id":16098,"href":"https:\/\/agora.xtec.cat\/escolalavilapalamos\/wp-json\/wp\/v2\/posts\/16074\/revisions\/16098"}],"wp:attachment":[{"href":"https:\/\/agora.xtec.cat\/escolalavilapalamos\/wp-json\/wp\/v2\/media?parent=16074"}],"wp:term":[{"taxonomy":"category","embeddable":true,"href":"https:\/\/agora.xtec.cat\/escolalavilapalamos\/wp-json\/wp\/v2\/categories?post=16074"},{"taxonomy":"post_tag","embeddable":true,"href":"https:\/\/agora.xtec.cat\/escolalavilapalamos\/wp-json\/wp\/v2\/tags?post=16074"}],"curies":[{"name":"wp","href":"https:\/\/api.w.org\/{rel}","templated":true}]}}