{"id":16069,"date":"2025-10-27T15:30:36","date_gmt":"2025-10-27T14:30:36","guid":{"rendered":"https:\/\/agora.xtec.cat\/escolalavilapalamos\/?p=16069"},"modified":"2025-11-21T15:06:53","modified_gmt":"2025-11-21T14:06:53","slug":"campanya-vacunacio-escolar-2025-2026","status":"publish","type":"post","link":"https:\/\/agora.xtec.cat\/escolalavilapalamos\/general\/campanya-vacunacio-escolar-2025-2026\/","title":{"rendered":"Campanya vacunaci\u00f3 escolar 2025-2026"},"content":{"rendered":"<p><a href=\"https:\/\/agora.xtec.cat\/escolalavilapalamos\/wp-content\/uploads\/usu897\/2024\/09\/vacunes.png\"><img loading=\"lazy\" decoding=\"async\" class=\"wp-image-14820 alignleft\" src=\"https:\/\/agora.xtec.cat\/escolalavilapalamos\/wp-content\/uploads\/usu897\/2024\/09\/vacunes.png\" alt=\"\" width=\"397\" height=\"264\" \/><\/a><\/p>\n<p>Com cada any, i coincidint amb l\u2019inici del curs escolar, el Departament de Salut, a trav\u00e9s dels equips d\u2019atenci\u00f3 prim\u00e0ria, administrar\u00e0 les vacunes a l\u2019alumnat en els centres educatius, segons el calendari de vacunacions vigent a Catalunya. La vacunaci\u00f3 \u00e9s la millor eina disponible per prevenir i controlar les malalties incloses en aquest calendari. En aquest curs escolar 2025-2026, el proper <strong>dimecres 14 de gener a les 9h<\/strong>, s\u2019administraran les vacunes seg\u00fcents:<br \/>\n&#8211; <strong>Vacuna contra el virus del papil\u00b7loma hum\u00e0 (vacuna VPH)<\/strong>: una \u00fanica dosi (nois i noies). Actualment, es disposa de dades cient\u00edfiques actualitzades que donen suport a l\u2019efic\u00e0cia de la vacuna mitjan\u00e7ant l\u2019administraci\u00f3 d\u2019una \u00fanica dosi fins als 25 anys (inclosos). Aquesta decisi\u00f3 ha estat consensuada a nivell estatal en la l\u00ednia d\u2019altres pa\u00efsos del nostre entorn i de les recomanacions de l\u2019Organitzaci\u00f3 Mundial de la Salut.<br \/>\n&#8211; <strong>Vacuna contra la dift\u00e8ria, el t\u00e8tanus i la tos ferina (dTpa)<\/strong>: una \u00fanica dosi de record. La tos ferina \u00e9s una infecci\u00f3 respirat\u00f2ria aguda bacteriana molt contagiosa. Actualment, el calendari de vacunacions sistem\u00e0tiques inclou la recomanaci\u00f3 d\u2019una dosi als 11-12 anys (sis\u00e8 de prim\u00e0ria) de la vacuna antidift\u00e8rica, antitet\u00e0nica i antipert\u00fassica acel\u00b7lular de c\u00e0rrega antig\u00e8nica redu\u00efda (dTpa).<br \/>\n&#8211; <strong>Vacuna antimeningoc\u00f2ccica conjugada tetravalent (vacuna MACWY)<\/strong>, en una \u00fanica dosi als nens i nenes si no l\u2019han rebut despr\u00e9s dels 10 anys, i independentment de les dosis administrades de la vacuna contra el meningococ C conjugada (vacuna MC).<br \/>\n&#8211; <strong>Vacuna contra l\u2019hepatitis A (vacuna HA)<\/strong>, en una \u00fanica dosi en el cas que el nen o nena estigui vacunat\/da amb una dosi anterior(la pauta completa s\u00f3n dues dosis). Als infants que no hagin rebut cap dosi de la vacuna anteriorment o no hagin passat la malaltia, se\u2019ls han d\u2019administrar dues dosis: la primera al centre educatiu i la segona, al CAP.<br \/>\n&#8211; <strong>Vacuna contra la varicel\u00b7la (vacuna V)<\/strong>, en una \u00fanica dosi en el cas que el nen o nena estigui vacunat\/da amb una dosi anterior(la pauta completa s\u00f3n dues dosis). Als infants que no hagin rebut cap dosi de la vacuna anteriorment o no hagin passat la malaltia, se\u2019ls han d\u2019administrar dues dosis: la primera al centre educatiu i la segona, al CAP.<\/p>\n<p><a href=\"https:\/\/drive.google.com\/file\/d\/1CvsiFGKkI2VZqd64h24eUli_5fDW45tc\/view?usp=sharing\">Carta informativa vacunaci\u00f3 escolar 25-26.<\/a><\/p>\n<p><a href=\"https:\/\/drive.google.com\/file\/d\/1LdDGadcykaScOfh25EOOVntyRxHtI0XZ\/view?usp=drive_link\">Circular Autoritzaci\u00f3 vacunes 25-26<\/a>.<\/p>\n<p><strong>Per a m\u00e9s informaci\u00f3, podeu consultar la p\u00e0gina web de vacunes al Canal Salut del Departament de Salut (https:\/\/canalsalut.gencat.cat\/ca\/salut-a-z\/v\/vacunacions\/) o trucar al tel\u00e8fon 061 Salut Respon.<\/strong><\/p>\n","protected":false},"excerpt":{"rendered":"<p><a href=\"https:\/\/agora.xtec.cat\/escolalavilapalamos\/wp-content\/uploads\/usu897\/2024\/09\/vacunes.png\"><\/a><br \/>\nCom cada any, i coincidint amb l\u2019inici del curs escolar, el Departament de Salut, a trav\u00e9s dels equips d\u2019atenci\u00f3 prim\u00e0ria, administrar\u00e0 les vacunes a l\u2019alumnat en els centres educatius, segons el calendari de vacunacions vigent a Catalunya. La vacunaci\u00f3 \u00e9s la millor eina disponible&hellip;  <a href=\"https:\/\/agora.xtec.cat\/escolalavilapalamos\/general\/campanya-vacunacio-escolar-2025-2026\/\" title=\"Read Campanya vacunaci\u00f3 escolar 2025-2026\">Llegeix m\u00e9s\u00bb<\/a><\/p>\n","protected":false},"author":1,"featured_media":0,"comment_status":"open","ping_status":"open","sticky":false,"template":"","format":"standard","meta":{"_bbp_topic_count":0,"_bbp_reply_count":0,"_bbp_total_topic_count":0,"_bbp_total_reply_count":0,"_bbp_voice_count":0,"_bbp_anonymous_reply_count":0,"_bbp_topic_count_hidden":0,"_bbp_reply_count_hidden":0,"_bbp_forum_subforum_count":0,"footnotes":""},"categories":[128,1,4],"tags":[],"class_list":["post-16069","post","type-post","status-publish","format-standard","hentry","category-comunitat-de-grans","category-general","category-portada"],"post_mailing_queue_ids":[],"_links":{"self":[{"href":"https:\/\/agora.xtec.cat\/escolalavilapalamos\/wp-json\/wp\/v2\/posts\/16069","targetHints":{"allow":["GET"]}}],"collection":[{"href":"https:\/\/agora.xtec.cat\/escolalavilapalamos\/wp-json\/wp\/v2\/posts"}],"about":[{"href":"https:\/\/agora.xtec.cat\/escolalavilapalamos\/wp-json\/wp\/v2\/types\/post"}],"author":[{"embeddable":true,"href":"https:\/\/agora.xtec.cat\/escolalavilapalamos\/wp-json\/wp\/v2\/users\/1"}],"replies":[{"embeddable":true,"href":"https:\/\/agora.xtec.cat\/escolalavilapalamos\/wp-json\/wp\/v2\/comments?post=16069"}],"version-history":[{"count":5,"href":"https:\/\/agora.xtec.cat\/escolalavilapalamos\/wp-json\/wp\/v2\/posts\/16069\/revisions"}],"predecessor-version":[{"id":16148,"href":"https:\/\/agora.xtec.cat\/escolalavilapalamos\/wp-json\/wp\/v2\/posts\/16069\/revisions\/16148"}],"wp:attachment":[{"href":"https:\/\/agora.xtec.cat\/escolalavilapalamos\/wp-json\/wp\/v2\/media?parent=16069"}],"wp:term":[{"taxonomy":"category","embeddable":true,"href":"https:\/\/agora.xtec.cat\/escolalavilapalamos\/wp-json\/wp\/v2\/categories?post=16069"},{"taxonomy":"post_tag","embeddable":true,"href":"https:\/\/agora.xtec.cat\/escolalavilapalamos\/wp-json\/wp\/v2\/tags?post=16069"}],"curies":[{"name":"wp","href":"https:\/\/api.w.org\/{rel}","templated":true}]}}