{"id":16054,"date":"2025-10-27T08:30:59","date_gmt":"2025-10-27T07:30:59","guid":{"rendered":"https:\/\/agora.xtec.cat\/escolalavilapalamos\/?p=16054"},"modified":"2025-10-24T17:00:15","modified_gmt":"2025-10-24T15:00:15","slug":"calendari-2026","status":"publish","type":"post","link":"https:\/\/agora.xtec.cat\/escolalavilapalamos\/general\/calendari-2026\/","title":{"rendered":"Calendari 2026"},"content":{"rendered":"<p><a href=\"https:\/\/agora.xtec.cat\/escolalavilapalamos\/wp-content\/uploads\/usu897\/2025\/10\/CALENDARI-LA-VILA-1.jpg\"><img loading=\"lazy\" decoding=\"async\" class=\"alignleft wp-image-16056\" src=\"https:\/\/agora.xtec.cat\/escolalavilapalamos\/wp-content\/uploads\/usu897\/2025\/10\/CALENDARI-LA-VILA-1-212x300.jpg\" alt=\"\" width=\"405\" height=\"573\" srcset=\"https:\/\/agora.xtec.cat\/escolalavilapalamos\/wp-content\/uploads\/usu897\/2025\/10\/CALENDARI-LA-VILA-1-212x300.jpg 212w, https:\/\/agora.xtec.cat\/escolalavilapalamos\/wp-content\/uploads\/usu897\/2025\/10\/CALENDARI-LA-VILA-1-724x1024.jpg 724w, https:\/\/agora.xtec.cat\/escolalavilapalamos\/wp-content\/uploads\/usu897\/2025\/10\/CALENDARI-LA-VILA-1-768x1086.jpg 768w, https:\/\/agora.xtec.cat\/escolalavilapalamos\/wp-content\/uploads\/usu897\/2025\/10\/CALENDARI-LA-VILA-1-1086x1536.jpg 1086w, https:\/\/agora.xtec.cat\/escolalavilapalamos\/wp-content\/uploads\/usu897\/2025\/10\/CALENDARI-LA-VILA-1.jpg 1414w\" sizes=\"auto, (max-width: 405px) 100vw, 405px\" \/><\/a><\/p>\n<p>La Comissi\u00f3 de fam\u00edlies de 5\u00e8 ja est\u00e0 posant fil a l&#8217;agulla preparant tot d&#8217;activitats per ajudar a finan\u00e7ar el viatge de 6\u00e8. Una de les accions que t\u00e9 previstes \u00e9s la venda del calendari de l&#8217;any vinent. Vindran a fer les fotos de grup el <strong>5 de novembre<\/strong>. A continuaci\u00f3 teniu un cartell en el qual us indiquem quina \u00e9s la tem\u00e0tica de cada mes i una proposta d&#8217;elements que podeu portar. Us animem a fer volar la imaginaci\u00f3!<\/p>\n","protected":false},"excerpt":{"rendered":"<p><a href=\"https:\/\/agora.xtec.cat\/escolalavilapalamos\/wp-content\/uploads\/usu897\/2025\/10\/CALENDARI-LA-VILA-1.jpg\"><\/a><br \/>\nLa Comissi\u00f3 de fam\u00edlies de 5\u00e8 ja est\u00e0 posant fil a l&#8217;agulla preparant tot d&#8217;activitats per ajudar a finan\u00e7ar el viatge de 6\u00e8. Una de les accions que t\u00e9 previstes \u00e9s la venda del calendari de l&#8217;any vinent. Vindran a fer les fotos de&hellip;  <a href=\"https:\/\/agora.xtec.cat\/escolalavilapalamos\/general\/calendari-2026\/\" title=\"Read Calendari 2026\">Llegeix m\u00e9s\u00bb<\/a><\/p>\n","protected":false},"author":1,"featured_media":0,"comment_status":"open","ping_status":"open","sticky":false,"template":"","format":"standard","meta":{"_bbp_topic_count":0,"_bbp_reply_count":0,"_bbp_total_topic_count":0,"_bbp_total_reply_count":0,"_bbp_voice_count":0,"_bbp_anonymous_reply_count":0,"_bbp_topic_count_hidden":0,"_bbp_reply_count_hidden":0,"_bbp_forum_subforum_count":0,"footnotes":""},"categories":[1,4],"tags":[],"class_list":["post-16054","post","type-post","status-publish","format-standard","hentry","category-general","category-portada"],"post_mailing_queue_ids":[],"_links":{"self":[{"href":"https:\/\/agora.xtec.cat\/escolalavilapalamos\/wp-json\/wp\/v2\/posts\/16054","targetHints":{"allow":["GET"]}}],"collection":[{"href":"https:\/\/agora.xtec.cat\/escolalavilapalamos\/wp-json\/wp\/v2\/posts"}],"about":[{"href":"https:\/\/agora.xtec.cat\/escolalavilapalamos\/wp-json\/wp\/v2\/types\/post"}],"author":[{"embeddable":true,"href":"https:\/\/agora.xtec.cat\/escolalavilapalamos\/wp-json\/wp\/v2\/users\/1"}],"replies":[{"embeddable":true,"href":"https:\/\/agora.xtec.cat\/escolalavilapalamos\/wp-json\/wp\/v2\/comments?post=16054"}],"version-history":[{"count":6,"href":"https:\/\/agora.xtec.cat\/escolalavilapalamos\/wp-json\/wp\/v2\/posts\/16054\/revisions"}],"predecessor-version":[{"id":16065,"href":"https:\/\/agora.xtec.cat\/escolalavilapalamos\/wp-json\/wp\/v2\/posts\/16054\/revisions\/16065"}],"wp:attachment":[{"href":"https:\/\/agora.xtec.cat\/escolalavilapalamos\/wp-json\/wp\/v2\/media?parent=16054"}],"wp:term":[{"taxonomy":"category","embeddable":true,"href":"https:\/\/agora.xtec.cat\/escolalavilapalamos\/wp-json\/wp\/v2\/categories?post=16054"},{"taxonomy":"post_tag","embeddable":true,"href":"https:\/\/agora.xtec.cat\/escolalavilapalamos\/wp-json\/wp\/v2\/tags?post=16054"}],"curies":[{"name":"wp","href":"https:\/\/api.w.org\/{rel}","templated":true}]}}