{"id":16041,"date":"2025-10-24T11:05:10","date_gmt":"2025-10-24T09:05:10","guid":{"rendered":"https:\/\/agora.xtec.cat\/escolalavilapalamos\/?p=16041"},"modified":"2025-10-24T11:05:10","modified_gmt":"2025-10-24T09:05:10","slug":"welcome-back-all-about-me-bags","status":"publish","type":"post","link":"https:\/\/agora.xtec.cat\/escolalavilapalamos\/general\/welcome-back-all-about-me-bags\/","title":{"rendered":"Welcome back! All About Me Bags"},"content":{"rendered":"<p>Els alumnes de 3r i 4t han comen\u00e7at el curs a l\u2019\u00e0rea d\u2019English amb una activitat molt especial: \u201cAll About Me Bag\u201d.<br \/>\nCada alumne ha rebut una bossa de paper amb unes instruccions i la tasca de portar de casa alguns objectes personals que els representessin i que els ajudessin a explicar una mica m\u00e9s sobre ells mateixos.<\/p>\n<p>Dins les bosses hi hem trobat de tot: una fotografia de quan eren nadons, una foto de la fam\u00edlia, el seu menjar o snack preferit, alguna cosa del seu color preferit, un objecte especial o all\u00f2 amb qu\u00e8 els agrada jugar.<\/p>\n<p>A classe hem preparat la presentaci\u00f3 oral, practicant el vocabulari, les estructures i la pronunciaci\u00f3 en angl\u00e8s. Despr\u00e9s, cada alumne ha fet la seva &#8220;oral exposition&#8221;, mostrant els seus objectes i explicant per qu\u00e8 s\u00f3n importants per a ells.<\/p>\n<p>Ha estat una manera divertida i significativa de trencar el gel i comen\u00e7ar el curs amb energia, alhora que hem practicat l\u2019expressi\u00f3 oral i ens hem conegut millor. Per mi, com a nova mestra d\u2019English, ha estat tamb\u00e9 una gran oportunitat per descobrir moltes coses sobre cadascun dels alumnes!<\/p>\n<p>Les fotografies de l\u2019activitat estan disponibles al Drive privat de cada grup perqu\u00e8 les fam\u00edlies les pugueu veure i gaudir.<\/p>\n<p>Let\u2019s make this school year amazing!<\/p>\n<p><a href=\"https:\/\/agora.xtec.cat\/escolalavilapalamos\/wp-content\/uploads\/usu897\/2025\/10\/71AXKTK4JL._AC_UF10001000_QL80_.jpg\"><img loading=\"lazy\" decoding=\"async\" class=\"aligncenter  wp-image-16047\" src=\"https:\/\/agora.xtec.cat\/escolalavilapalamos\/wp-content\/uploads\/usu897\/2025\/10\/71AXKTK4JL._AC_UF10001000_QL80_.jpg\" alt=\"\" width=\"515\" height=\"392\" srcset=\"https:\/\/agora.xtec.cat\/escolalavilapalamos\/wp-content\/uploads\/usu897\/2025\/10\/71AXKTK4JL._AC_UF10001000_QL80_.jpg 777w, https:\/\/agora.xtec.cat\/escolalavilapalamos\/wp-content\/uploads\/usu897\/2025\/10\/71AXKTK4JL._AC_UF10001000_QL80_-300x228.jpg 300w, https:\/\/agora.xtec.cat\/escolalavilapalamos\/wp-content\/uploads\/usu897\/2025\/10\/71AXKTK4JL._AC_UF10001000_QL80_-768x584.jpg 768w\" sizes=\"auto, (max-width: 515px) 100vw, 515px\" \/><\/a><\/p>\n<p>&nbsp;<\/p>\n","protected":false},"excerpt":{"rendered":"<p>Els alumnes de 3r i 4t han comen\u00e7at el curs a l\u2019\u00e0rea d\u2019English amb una activitat molt especial: \u201cAll About Me Bag\u201d.<br \/>\nCada alumne ha rebut una bossa de paper amb unes instruccions i la tasca de portar de casa alguns objectes personals que els representessin&hellip;  <a href=\"https:\/\/agora.xtec.cat\/escolalavilapalamos\/general\/welcome-back-all-about-me-bags\/\" title=\"Read Welcome back! All About Me Bags\">Llegeix m\u00e9s\u00bb<\/a><\/p>\n","protected":false},"author":131,"featured_media":0,"comment_status":"open","ping_status":"open","sticky":false,"template":"","format":"standard","meta":{"_bbp_topic_count":0,"_bbp_reply_count":0,"_bbp_total_topic_count":0,"_bbp_total_reply_count":0,"_bbp_voice_count":0,"_bbp_anonymous_reply_count":0,"_bbp_topic_count_hidden":0,"_bbp_reply_count_hidden":0,"_bbp_forum_subforum_count":0,"footnotes":""},"categories":[128,127,67,1,4],"tags":[],"class_list":["post-16041","post","type-post","status-publish","format-standard","hentry","category-comunitat-de-grans","category-comunitat-de-mitjans","category-especialistes","category-general","category-portada"],"post_mailing_queue_ids":[],"_links":{"self":[{"href":"https:\/\/agora.xtec.cat\/escolalavilapalamos\/wp-json\/wp\/v2\/posts\/16041","targetHints":{"allow":["GET"]}}],"collection":[{"href":"https:\/\/agora.xtec.cat\/escolalavilapalamos\/wp-json\/wp\/v2\/posts"}],"about":[{"href":"https:\/\/agora.xtec.cat\/escolalavilapalamos\/wp-json\/wp\/v2\/types\/post"}],"author":[{"embeddable":true,"href":"https:\/\/agora.xtec.cat\/escolalavilapalamos\/wp-json\/wp\/v2\/users\/131"}],"replies":[{"embeddable":true,"href":"https:\/\/agora.xtec.cat\/escolalavilapalamos\/wp-json\/wp\/v2\/comments?post=16041"}],"version-history":[{"count":2,"href":"https:\/\/agora.xtec.cat\/escolalavilapalamos\/wp-json\/wp\/v2\/posts\/16041\/revisions"}],"predecessor-version":[{"id":16048,"href":"https:\/\/agora.xtec.cat\/escolalavilapalamos\/wp-json\/wp\/v2\/posts\/16041\/revisions\/16048"}],"wp:attachment":[{"href":"https:\/\/agora.xtec.cat\/escolalavilapalamos\/wp-json\/wp\/v2\/media?parent=16041"}],"wp:term":[{"taxonomy":"category","embeddable":true,"href":"https:\/\/agora.xtec.cat\/escolalavilapalamos\/wp-json\/wp\/v2\/categories?post=16041"},{"taxonomy":"post_tag","embeddable":true,"href":"https:\/\/agora.xtec.cat\/escolalavilapalamos\/wp-json\/wp\/v2\/tags?post=16041"}],"curies":[{"name":"wp","href":"https:\/\/api.w.org\/{rel}","templated":true}]}}