{"id":16026,"date":"2025-10-17T16:26:13","date_gmt":"2025-10-17T14:26:13","guid":{"rendered":"https:\/\/agora.xtec.cat\/escolalavilapalamos\/?p=16026"},"modified":"2025-10-17T16:26:13","modified_gmt":"2025-10-17T14:26:13","slug":"acrostics-a-6e","status":"publish","type":"post","link":"https:\/\/agora.xtec.cat\/escolalavilapalamos\/general\/acrostics-a-6e\/","title":{"rendered":"ACR\u00d2STICS A 6\u00e8"},"content":{"rendered":"<p><span style=\"font-weight: 400;\"><a href=\"https:\/\/agora.xtec.cat\/escolalavilapalamos\/wp-content\/uploads\/usu897\/2025\/10\/Ainara-scaled.jpg\"><img loading=\"lazy\" decoding=\"async\" class=\"wp-image-16028 alignleft\" src=\"https:\/\/agora.xtec.cat\/escolalavilapalamos\/wp-content\/uploads\/usu897\/2025\/10\/Ainara-768x1024.jpg\" alt=\"\" width=\"202\" height=\"270\" srcset=\"https:\/\/agora.xtec.cat\/escolalavilapalamos\/wp-content\/uploads\/usu897\/2025\/10\/Ainara-768x1024.jpg 768w, https:\/\/agora.xtec.cat\/escolalavilapalamos\/wp-content\/uploads\/usu897\/2025\/10\/Ainara-225x300.jpg 225w, https:\/\/agora.xtec.cat\/escolalavilapalamos\/wp-content\/uploads\/usu897\/2025\/10\/Ainara-1152x1536.jpg 1152w, https:\/\/agora.xtec.cat\/escolalavilapalamos\/wp-content\/uploads\/usu897\/2025\/10\/Ainara-1536x2048.jpg 1536w, https:\/\/agora.xtec.cat\/escolalavilapalamos\/wp-content\/uploads\/usu897\/2025\/10\/Ainara-scaled.jpg 1920w\" sizes=\"auto, (max-width: 202px) 100vw, 202px\" \/><\/a>Els alumnes de sis\u00e8 hem comen\u00e7at el curs treballant l\u2019acr\u00f2stic a l\u2019estona d\u2019expressi\u00f3 escrita.<\/span><span style=\"font-weight: 400;\"> Hem descobert qu\u00e8 \u00e9s, hem observat alguns exemples i finalment n\u2019hem creat un a partir de les lletres del nostre nom.<\/span><\/p>\n<p><span style=\"font-weight: 400;\">Ha estat un proc\u00e9s amb diferents fases: primer, hem buscat adjectius que ens descriuen i que comencen amb les lletres del nostre nom; despr\u00e9s, hem constru\u00eft el nostre text rimat; i, per acabar, hem donat forma art\u00edstica al nostre acr\u00f2stic.<\/span><\/p>\n<p><span style=\"font-weight: 400;\">Ens han quedat uns acr\u00f2stics ben divertits! Cliqueu a l&#8217;enlla\u00e7 i mireu-los!<\/span><\/p>\n<p><a href=\"https:\/\/drive.google.com\/drive\/folders\/1RsKMPq_LPCstJhzb5Fw2zlcDIflt1OLI?usp=drive_link\">ACR\u00d2STICS<\/a><\/p>\n<p><span style=\"font-weight: 400;\">I si voleu, tamb\u00e9 podeu pujar al passad\u00eds de 6\u00e8 per gaudir-los en persona!<\/span><\/p>\n<p>&nbsp;<\/p>\n<p>&nbsp;<\/p>\n","protected":false},"excerpt":{"rendered":"<p><a href=\"https:\/\/agora.xtec.cat\/escolalavilapalamos\/wp-content\/uploads\/usu897\/2025\/10\/Ainara-scaled.jpg\"><\/a>Els alumnes de sis\u00e8 hem comen\u00e7at el curs treballant l\u2019acr\u00f2stic a l\u2019estona d\u2019expressi\u00f3 escrita. Hem descobert qu\u00e8 \u00e9s, hem observat alguns exemples i finalment n\u2019hem creat un a partir de les lletres del nostre nom.<br \/>\nHa estat un proc\u00e9s amb diferents fases: primer, hem buscat&hellip;  <a href=\"https:\/\/agora.xtec.cat\/escolalavilapalamos\/general\/acrostics-a-6e\/\" title=\"Read ACR\u00d2STICS A 6\u00e8\">Llegeix m\u00e9s\u00bb<\/a><\/p>\n","protected":false},"author":132,"featured_media":0,"comment_status":"open","ping_status":"open","sticky":false,"template":"","format":"standard","meta":{"_bbp_topic_count":0,"_bbp_reply_count":0,"_bbp_total_topic_count":0,"_bbp_total_reply_count":0,"_bbp_voice_count":0,"_bbp_anonymous_reply_count":0,"_bbp_topic_count_hidden":0,"_bbp_reply_count_hidden":0,"_bbp_forum_subforum_count":0,"footnotes":""},"categories":[1,4],"tags":[],"class_list":["post-16026","post","type-post","status-publish","format-standard","hentry","category-general","category-portada"],"post_mailing_queue_ids":[],"_links":{"self":[{"href":"https:\/\/agora.xtec.cat\/escolalavilapalamos\/wp-json\/wp\/v2\/posts\/16026","targetHints":{"allow":["GET"]}}],"collection":[{"href":"https:\/\/agora.xtec.cat\/escolalavilapalamos\/wp-json\/wp\/v2\/posts"}],"about":[{"href":"https:\/\/agora.xtec.cat\/escolalavilapalamos\/wp-json\/wp\/v2\/types\/post"}],"author":[{"embeddable":true,"href":"https:\/\/agora.xtec.cat\/escolalavilapalamos\/wp-json\/wp\/v2\/users\/132"}],"replies":[{"embeddable":true,"href":"https:\/\/agora.xtec.cat\/escolalavilapalamos\/wp-json\/wp\/v2\/comments?post=16026"}],"version-history":[{"count":2,"href":"https:\/\/agora.xtec.cat\/escolalavilapalamos\/wp-json\/wp\/v2\/posts\/16026\/revisions"}],"predecessor-version":[{"id":16029,"href":"https:\/\/agora.xtec.cat\/escolalavilapalamos\/wp-json\/wp\/v2\/posts\/16026\/revisions\/16029"}],"wp:attachment":[{"href":"https:\/\/agora.xtec.cat\/escolalavilapalamos\/wp-json\/wp\/v2\/media?parent=16026"}],"wp:term":[{"taxonomy":"category","embeddable":true,"href":"https:\/\/agora.xtec.cat\/escolalavilapalamos\/wp-json\/wp\/v2\/categories?post=16026"},{"taxonomy":"post_tag","embeddable":true,"href":"https:\/\/agora.xtec.cat\/escolalavilapalamos\/wp-json\/wp\/v2\/tags?post=16026"}],"curies":[{"name":"wp","href":"https:\/\/api.w.org\/{rel}","templated":true}]}}