{"id":16011,"date":"2025-10-14T12:53:31","date_gmt":"2025-10-14T10:53:31","guid":{"rendered":"https:\/\/agora.xtec.cat\/escolalavilapalamos\/?p=16011"},"modified":"2025-10-14T12:53:31","modified_gmt":"2025-10-14T10:53:31","slug":"menys-pantalla-mes-vida","status":"publish","type":"post","link":"https:\/\/agora.xtec.cat\/escolalavilapalamos\/general\/menys-pantalla-mes-vida\/","title":{"rendered":"Menys pantalla, m\u00e9s vida"},"content":{"rendered":"<p><a href=\"https:\/\/agora.xtec.cat\/escolalavilapalamos\/wp-content\/uploads\/usu897\/2025\/10\/cartell-blau.png_314165584.png\"><img loading=\"lazy\" decoding=\"async\" class=\"aligncenter  wp-image-16012\" src=\"https:\/\/agora.xtec.cat\/escolalavilapalamos\/wp-content\/uploads\/usu897\/2025\/10\/cartell-blau.png_314165584.png\" alt=\"\" width=\"330\" height=\"256\" srcset=\"https:\/\/agora.xtec.cat\/escolalavilapalamos\/wp-content\/uploads\/usu897\/2025\/10\/cartell-blau.png_314165584.png 555w, https:\/\/agora.xtec.cat\/escolalavilapalamos\/wp-content\/uploads\/usu897\/2025\/10\/cartell-blau.png_314165584-300x232.png 300w\" sizes=\"auto, (max-width: 330px) 100vw, 330px\" \/><\/a>El Departament d&#8217;Educaci\u00f3 ha elaborat una guia titulada &#8220;Menys pantalla m\u00e9s vida&#8221;, encarada a les fam\u00edlies. Aquesta t\u00e9 els seg\u00fcents objectius:<\/p>\n<ul type=\"disc\">\n<li class=\"x_MsoNormal\">Oferir-vos recomanacions perqu\u00e8 pugueu acompanyar els vostres fills i filles de totes les edats en l&#8217;\u00fas responsable de les eines i entorns digitals.<\/li>\n<li class=\"x_MsoNormal\">Fomentar un \u00fas respectu\u00f3s i responsable dels dispositius.<\/li>\n<li class=\"x_MsoNormal\">Donar a con\u00e8ixer recursos de protecci\u00f3 i ajudar a prendre consci\u00e8ncia dels riscos associats per minimitzar-los.<\/li>\n<li class=\"x_MsoNormal\">Facilitar pautes per a la gesti\u00f3 familiar dels dispositius digitals i la coordinaci\u00f3 amb els centres educatius.<\/li>\n<\/ul>\n<p>Esperem que sigui del vostre inter\u00e8s. \u00c9s una tasca compartida entre fam\u00edlia i escola, i nom\u00e9s amb la implicaci\u00f3 de tothom podrem acompanyar els infants en un \u00fas saludable de la tecnologia. Us enllacem el document i trobareu la informaci\u00f3 a la p\u00e0gina web de l&#8217;escola.<\/p>\n<p style=\"text-align: center;\"><a href=\"https:\/\/drive.google.com\/file\/d\/1CKCRbdbKEpUPnVHFGkSyAxtbPOk6XiZX\/view?usp=sharing\">ENLLA\u00c7 DOCUMENT<\/a><\/p>\n","protected":false},"excerpt":{"rendered":"<p><a href=\"https:\/\/agora.xtec.cat\/escolalavilapalamos\/wp-content\/uploads\/usu897\/2025\/10\/cartell-blau.png_314165584.png\"><\/a>El Departament d&#8217;Educaci\u00f3 ha elaborat una guia titulada &#8220;Menys pantalla m\u00e9s vida&#8221;, encarada a les fam\u00edlies. Aquesta t\u00e9 els seg\u00fcents objectius:<\/p>\n<ul type=\"disc\">\n<li class=\"x_MsoNormal\">Oferir-vos recomanacions perqu\u00e8 pugueu acompanyar els vostres fills i filles de totes les edats en l&#8217;\u00fas responsable de les eines i entorns&hellip;  <a href=\"https:\/\/agora.xtec.cat\/escolalavilapalamos\/general\/menys-pantalla-mes-vida\/\" title=\"Read Menys pantalla, m\u00e9s vida\">Llegeix m\u00e9s\u00bb<\/a><br \/>\n","protected":false},"author":1,"featured_media":0,"comment_status":"open","ping_status":"open","sticky":false,"template":"","format":"standard","meta":{"_bbp_topic_count":0,"_bbp_reply_count":0,"_bbp_total_topic_count":0,"_bbp_total_reply_count":0,"_bbp_voice_count":0,"_bbp_anonymous_reply_count":0,"_bbp_topic_count_hidden":0,"_bbp_reply_count_hidden":0,"_bbp_forum_subforum_count":0,"footnotes":""},"categories":[1,4],"tags":[],"class_list":["post-16011","post","type-post","status-publish","format-standard","hentry","category-general","category-portada"],"post_mailing_queue_ids":[],"_links":{"self":[{"href":"https:\/\/agora.xtec.cat\/escolalavilapalamos\/wp-json\/wp\/v2\/posts\/16011","targetHints":{"allow":["GET"]}}],"collection":[{"href":"https:\/\/agora.xtec.cat\/escolalavilapalamos\/wp-json\/wp\/v2\/posts"}],"about":[{"href":"https:\/\/agora.xtec.cat\/escolalavilapalamos\/wp-json\/wp\/v2\/types\/post"}],"author":[{"embeddable":true,"href":"https:\/\/agora.xtec.cat\/escolalavilapalamos\/wp-json\/wp\/v2\/users\/1"}],"replies":[{"embeddable":true,"href":"https:\/\/agora.xtec.cat\/escolalavilapalamos\/wp-json\/wp\/v2\/comments?post=16011"}],"version-history":[{"count":1,"href":"https:\/\/agora.xtec.cat\/escolalavilapalamos\/wp-json\/wp\/v2\/posts\/16011\/revisions"}],"predecessor-version":[{"id":16013,"href":"https:\/\/agora.xtec.cat\/escolalavilapalamos\/wp-json\/wp\/v2\/posts\/16011\/revisions\/16013"}],"wp:attachment":[{"href":"https:\/\/agora.xtec.cat\/escolalavilapalamos\/wp-json\/wp\/v2\/media?parent=16011"}],"wp:term":[{"taxonomy":"category","embeddable":true,"href":"https:\/\/agora.xtec.cat\/escolalavilapalamos\/wp-json\/wp\/v2\/categories?post=16011"},{"taxonomy":"post_tag","embeddable":true,"href":"https:\/\/agora.xtec.cat\/escolalavilapalamos\/wp-json\/wp\/v2\/tags?post=16011"}],"curies":[{"name":"wp","href":"https:\/\/api.w.org\/{rel}","templated":true}]}}