{"id":16005,"date":"2025-10-27T16:00:09","date_gmt":"2025-10-27T15:00:09","guid":{"rendered":"https:\/\/agora.xtec.cat\/escolalavilapalamos\/?p=16005"},"modified":"2025-10-17T16:27:48","modified_gmt":"2025-10-17T14:27:48","slug":"circulars-colonies-3","status":"publish","type":"post","link":"https:\/\/agora.xtec.cat\/escolalavilapalamos\/general\/circulars-colonies-3\/","title":{"rendered":"Circulars  col\u00f2nies"},"content":{"rendered":"<p><a href=\"https:\/\/agora.xtec.cat\/escolalavilapalamos\/wp-content\/uploads\/usu897\/2025\/10\/vull-un-dibuix-amb-nens-i-nenes-amb-motxilles-i-un-autocar-que-van-de-colonies-escolars.jpg\"><img loading=\"lazy\" decoding=\"async\" class=\"wp-image-16007 alignleft\" src=\"https:\/\/agora.xtec.cat\/escolalavilapalamos\/wp-content\/uploads\/usu897\/2025\/10\/vull-un-dibuix-amb-nens-i-nenes-amb-motxilles-i-un-autocar-que-van-de-colonies-escolars-1024x573.jpg\" alt=\"\" width=\"424\" height=\"237\" srcset=\"https:\/\/agora.xtec.cat\/escolalavilapalamos\/wp-content\/uploads\/usu897\/2025\/10\/vull-un-dibuix-amb-nens-i-nenes-amb-motxilles-i-un-autocar-que-van-de-colonies-escolars-1024x573.jpg 1024w, https:\/\/agora.xtec.cat\/escolalavilapalamos\/wp-content\/uploads\/usu897\/2025\/10\/vull-un-dibuix-amb-nens-i-nenes-amb-motxilles-i-un-autocar-que-van-de-colonies-escolars-300x168.jpg 300w, https:\/\/agora.xtec.cat\/escolalavilapalamos\/wp-content\/uploads\/usu897\/2025\/10\/vull-un-dibuix-amb-nens-i-nenes-amb-motxilles-i-un-autocar-que-van-de-colonies-escolars-768x430.jpg 768w, https:\/\/agora.xtec.cat\/escolalavilapalamos\/wp-content\/uploads\/usu897\/2025\/10\/vull-un-dibuix-amb-nens-i-nenes-amb-motxilles-i-un-autocar-que-van-de-colonies-escolars-1536x860.jpg 1536w, https:\/\/agora.xtec.cat\/escolalavilapalamos\/wp-content\/uploads\/usu897\/2025\/10\/vull-un-dibuix-amb-nens-i-nenes-amb-motxilles-i-un-autocar-que-van-de-colonies-escolars.jpg 1600w\" sizes=\"auto, (max-width: 424px) 100vw, 424px\" \/><\/a>Hem fet arribar als vostres fills i filles la primera circular de les col\u00f2nies d&#8217;aquest curs escolar.<\/p>\n<p>Els m\u00e9s petits van al <strong>Mas Muxach<\/strong> a Brunyola, els mitjans al <strong>Ginebr\u00f3 <\/strong>de Vilopriu\u00a0 i 4t i 5\u00e8 al <strong>Vil\u00e0<\/strong> de Porqueres<strong>.<\/strong> El preu aproximat \u00e9s d&#8217;uns 110\u20ac. Aix\u00f2 inclou autocar, estada i tallers, i tamb\u00e9 la comissi\u00f3 de La Caixa. Per a poder confirmar la reserva a la casa de col\u00f2nies,<strong> cal fer el pagament de 60\u20ac mitjan\u00e7ant el codi de barres.<\/strong><\/p>\n<p><strong>Cal indicar els noms i cognoms i curs de l\u2019alumne<\/strong>\u00a0a l\u2019hora de fer el pagament.<\/p>\n<p>Per\u00edode de pagament:\u00a0<strong>del dilluns 27 d\u2019octubre al divendres 7 de novembre incl\u00f2s<\/strong>.<\/p>\n<p><strong>Cal retornar l\u2019autoritzaci\u00f3 i el comprovant d\u2019ingr\u00e9s al tutor\/a com a molt tard el dilluns 10 de novembre.<\/strong><\/p>\n<p><strong>Atenci\u00f3 important:<\/strong> No es retornar\u00e0 l\u2019import de la bestreta, excepte en cas de for\u00e7a major.<\/p>\n<p>Us podeu descarregar les autoritzacions i els codis de barres aqu\u00ed:<\/p>\n<p><a href=\"https:\/\/drive.google.com\/file\/d\/1AO--oNIv4aLyXolfMcSRzbDbPi6fCA7R\/view?usp=sharing\">Comunitat de petits\u00a0<\/a><\/p>\n<p><a href=\"https:\/\/drive.google.com\/file\/d\/1PNsJeuR3t83DXwNzDd2A9MxO_Pbpex-w\/view?usp=sharing\">Comunitat de mitjans<\/a><\/p>\n<p><a href=\"https:\/\/drive.google.com\/file\/d\/1VLsRmjwjaXbkPt9odCIdvcWtAq4Z7gNa\/view?usp=sharing\">(4t, 5\u00e8)<\/a><\/p>\n","protected":false},"excerpt":{"rendered":"<p><a href=\"https:\/\/agora.xtec.cat\/escolalavilapalamos\/wp-content\/uploads\/usu897\/2025\/10\/vull-un-dibuix-amb-nens-i-nenes-amb-motxilles-i-un-autocar-que-van-de-colonies-escolars.jpg\"><\/a>Hem fet arribar als vostres fills i filles la primera circular de les col\u00f2nies d&#8217;aquest curs escolar.<br \/>\nEls m\u00e9s petits van al Mas Muxach a Brunyola, els mitjans al Ginebr\u00f3 de Vilopriu\u00a0 i 4t i 5\u00e8 al Vil\u00e0 de Porqueres. El preu aproximat \u00e9s d&#8217;uns&hellip;  <a href=\"https:\/\/agora.xtec.cat\/escolalavilapalamos\/general\/circulars-colonies-3\/\" title=\"Read Circulars  col\u00f2nies\">Llegeix m\u00e9s\u00bb<\/a><\/p>\n","protected":false},"author":1,"featured_media":0,"comment_status":"open","ping_status":"open","sticky":false,"template":"","format":"standard","meta":{"_bbp_topic_count":0,"_bbp_reply_count":0,"_bbp_total_topic_count":0,"_bbp_total_reply_count":0,"_bbp_voice_count":0,"_bbp_anonymous_reply_count":0,"_bbp_topic_count_hidden":0,"_bbp_reply_count_hidden":0,"_bbp_forum_subforum_count":0,"footnotes":""},"categories":[128,127,2,1,4,5],"tags":[],"class_list":["post-16005","post","type-post","status-publish","format-standard","hentry","category-comunitat-de-grans","category-comunitat-de-mitjans","category-infantil","category-general","category-portada","category-primaria"],"post_mailing_queue_ids":[],"_links":{"self":[{"href":"https:\/\/agora.xtec.cat\/escolalavilapalamos\/wp-json\/wp\/v2\/posts\/16005","targetHints":{"allow":["GET"]}}],"collection":[{"href":"https:\/\/agora.xtec.cat\/escolalavilapalamos\/wp-json\/wp\/v2\/posts"}],"about":[{"href":"https:\/\/agora.xtec.cat\/escolalavilapalamos\/wp-json\/wp\/v2\/types\/post"}],"author":[{"embeddable":true,"href":"https:\/\/agora.xtec.cat\/escolalavilapalamos\/wp-json\/wp\/v2\/users\/1"}],"replies":[{"embeddable":true,"href":"https:\/\/agora.xtec.cat\/escolalavilapalamos\/wp-json\/wp\/v2\/comments?post=16005"}],"version-history":[{"count":5,"href":"https:\/\/agora.xtec.cat\/escolalavilapalamos\/wp-json\/wp\/v2\/posts\/16005\/revisions"}],"predecessor-version":[{"id":16031,"href":"https:\/\/agora.xtec.cat\/escolalavilapalamos\/wp-json\/wp\/v2\/posts\/16005\/revisions\/16031"}],"wp:attachment":[{"href":"https:\/\/agora.xtec.cat\/escolalavilapalamos\/wp-json\/wp\/v2\/media?parent=16005"}],"wp:term":[{"taxonomy":"category","embeddable":true,"href":"https:\/\/agora.xtec.cat\/escolalavilapalamos\/wp-json\/wp\/v2\/categories?post=16005"},{"taxonomy":"post_tag","embeddable":true,"href":"https:\/\/agora.xtec.cat\/escolalavilapalamos\/wp-json\/wp\/v2\/tags?post=16005"}],"curies":[{"name":"wp","href":"https:\/\/api.w.org\/{rel}","templated":true}]}}