{"id":15993,"date":"2025-10-10T14:40:52","date_gmt":"2025-10-10T12:40:52","guid":{"rendered":"https:\/\/agora.xtec.cat\/escolalavilapalamos\/?p=15993"},"modified":"2025-10-10T14:46:09","modified_gmt":"2025-10-10T12:46:09","slug":"les-primeres-setmanes-descola-a-i4","status":"publish","type":"post","link":"https:\/\/agora.xtec.cat\/escolalavilapalamos\/general\/les-primeres-setmanes-descola-a-i4\/","title":{"rendered":"LES PRIMERES SETMANES D\u2019ESCOLA A I4"},"content":{"rendered":"<p><span style=\"font-weight: 400;\">Els nens i nenes d&#8217;I4 han comen\u00e7at el nou curs escolar adaptant-se a les noves aules i a la nova organitzaci\u00f3.<\/span><\/p>\n<p><span style=\"font-weight: 400;\">A l\u2019escola considerem l\u2019adaptaci\u00f3 com un per\u00edode molt important pels infants, per les mestres i per les fam\u00edlies tamb\u00e9. Per aquests motius, hem realitzat una s\u00e8rie de propostes que facilitessin aquest proc\u00e9s i acompanyessin a l\u2019infant.<\/span><\/p>\n<p><span style=\"font-weight: 400;\">Una de les primeres activitats que vam fer, va ser recordar totes les coses que podem fer nosaltres mateixos\/es, com treure\u2019ns les sabates i posar-nos les crocs. Penjar la nostra bossa al penjador i seure amb el coix\u00ed a la rotllana. Totes aquestes activitats i moltes m\u00e9s ens ajuden a ser m\u00e9s aut\u00f2noms.<\/span><\/p>\n<p><span style=\"font-weight: 400;\">Hem realitzat activitats de tra\u00e7 escrivint el nostre propi nom i el nom dels companys\/es, dibuixant i pintant. Dediquem moments cada dia a recon\u00e8ixer les lletres de l\u2019alfabet, per aix\u00ed relacionar la lletra amb el seu fonema i d\u2019aquesta manera anar desenvolupant la consci\u00e8ncia fonol\u00f2gica.<\/span><\/p>\n<p><span style=\"font-weight: 400;\">Hem jugat lliurement explorant les noves joguines i jocs, establint relacions entre els companys.<\/span><\/p>\n<p>Podeu veure les fotos accedint <a href=\"https:\/\/agora.xtec.cat\/escolalavilapalamos\/general\/fotos-adaptacio-i-propostes-i4\/\">aqu\u00ed<\/a>.<\/p>\n<p><img loading=\"lazy\" decoding=\"async\" class=\"aligncenter size-medium wp-image-15994\" src=\"https:\/\/agora.xtec.cat\/escolalavilapalamos\/wp-content\/uploads\/usu897\/2025\/10\/IMG_4569-min-min-225x300.jpg\" alt=\"\" width=\"225\" height=\"300\" srcset=\"https:\/\/agora.xtec.cat\/escolalavilapalamos\/wp-content\/uploads\/usu897\/2025\/10\/IMG_4569-min-min-225x300.jpg 225w, https:\/\/agora.xtec.cat\/escolalavilapalamos\/wp-content\/uploads\/usu897\/2025\/10\/IMG_4569-min-min-768x1024.jpg 768w, https:\/\/agora.xtec.cat\/escolalavilapalamos\/wp-content\/uploads\/usu897\/2025\/10\/IMG_4569-min-min-1152x1536.jpg 1152w, https:\/\/agora.xtec.cat\/escolalavilapalamos\/wp-content\/uploads\/usu897\/2025\/10\/IMG_4569-min-min-1536x2048.jpg 1536w, https:\/\/agora.xtec.cat\/escolalavilapalamos\/wp-content\/uploads\/usu897\/2025\/10\/IMG_4569-min-min-scaled.jpg 1920w\" sizes=\"auto, (max-width: 225px) 100vw, 225px\" \/><\/p>\n","protected":false},"excerpt":{"rendered":"<p>Els nens i nenes d&#8217;I4 han comen\u00e7at el nou curs escolar adaptant-se a les noves aules i a la nova organitzaci\u00f3.<br \/>\nA l\u2019escola considerem l\u2019adaptaci\u00f3 com un per\u00edode molt important pels infants, per les mestres i per les fam\u00edlies tamb\u00e9. Per aquests motius, hem realitzat una&hellip;  <a href=\"https:\/\/agora.xtec.cat\/escolalavilapalamos\/general\/les-primeres-setmanes-descola-a-i4\/\" title=\"Read LES PRIMERES SETMANES D\u2019ESCOLA A I4\">Llegeix m\u00e9s\u00bb<\/a><\/p>\n","protected":false},"author":128,"featured_media":0,"comment_status":"open","ping_status":"open","sticky":false,"template":"","format":"standard","meta":{"_bbp_topic_count":0,"_bbp_reply_count":0,"_bbp_total_topic_count":0,"_bbp_total_reply_count":0,"_bbp_voice_count":0,"_bbp_anonymous_reply_count":0,"_bbp_topic_count_hidden":0,"_bbp_reply_count_hidden":0,"_bbp_forum_subforum_count":0,"footnotes":""},"categories":[1,4],"tags":[],"class_list":["post-15993","post","type-post","status-publish","format-standard","hentry","category-general","category-portada"],"post_mailing_queue_ids":[],"_links":{"self":[{"href":"https:\/\/agora.xtec.cat\/escolalavilapalamos\/wp-json\/wp\/v2\/posts\/15993","targetHints":{"allow":["GET"]}}],"collection":[{"href":"https:\/\/agora.xtec.cat\/escolalavilapalamos\/wp-json\/wp\/v2\/posts"}],"about":[{"href":"https:\/\/agora.xtec.cat\/escolalavilapalamos\/wp-json\/wp\/v2\/types\/post"}],"author":[{"embeddable":true,"href":"https:\/\/agora.xtec.cat\/escolalavilapalamos\/wp-json\/wp\/v2\/users\/128"}],"replies":[{"embeddable":true,"href":"https:\/\/agora.xtec.cat\/escolalavilapalamos\/wp-json\/wp\/v2\/comments?post=15993"}],"version-history":[{"count":3,"href":"https:\/\/agora.xtec.cat\/escolalavilapalamos\/wp-json\/wp\/v2\/posts\/15993\/revisions"}],"predecessor-version":[{"id":16004,"href":"https:\/\/agora.xtec.cat\/escolalavilapalamos\/wp-json\/wp\/v2\/posts\/15993\/revisions\/16004"}],"wp:attachment":[{"href":"https:\/\/agora.xtec.cat\/escolalavilapalamos\/wp-json\/wp\/v2\/media?parent=15993"}],"wp:term":[{"taxonomy":"category","embeddable":true,"href":"https:\/\/agora.xtec.cat\/escolalavilapalamos\/wp-json\/wp\/v2\/categories?post=15993"},{"taxonomy":"post_tag","embeddable":true,"href":"https:\/\/agora.xtec.cat\/escolalavilapalamos\/wp-json\/wp\/v2\/tags?post=15993"}],"curies":[{"name":"wp","href":"https:\/\/api.w.org\/{rel}","templated":true}]}}