{"id":15985,"date":"2025-10-15T08:42:01","date_gmt":"2025-10-15T06:42:01","guid":{"rendered":"https:\/\/agora.xtec.cat\/escolalavilapalamos\/?p=15985"},"modified":"2025-10-15T08:42:40","modified_gmt":"2025-10-15T06:42:40","slug":"agendes-5e","status":"publish","type":"post","link":"https:\/\/agora.xtec.cat\/escolalavilapalamos\/general\/agendes-5e\/","title":{"rendered":"Agendes 5\u00e8"},"content":{"rendered":"<p>Cada setembre rebem una agenda en blanc. Durant les primeres setmanes cada nen i nena la personalitza. Aquest curs a 5\u00e8 hem volgut fer un homenatge a Gaud\u00ed ja que aquest proper 2026 estar\u00e0 dedicat a commemorar el centenari de la seva mort. Hi anirem treballant al llarg del curs. De moment, hem fet un petit tastet parlant de la t\u00e8cnica de trencad\u00eds i intentant que la portada de la nostra agenda s&#8217;hi assembli una mica. Aqu\u00ed us mostrem alguns dels resultats. A la carpeta de fotos compartida del curs n&#8217;hi trobareu m\u00e9s!<\/p>\n<p><a href=\"https:\/\/agora.xtec.cat\/escolalavilapalamos\/wp-content\/uploads\/usu897\/2025\/10\/5A.png\"><img loading=\"lazy\" decoding=\"async\" class=\" wp-image-15991 alignnone\" src=\"https:\/\/agora.xtec.cat\/escolalavilapalamos\/wp-content\/uploads\/usu897\/2025\/10\/5A.png\" alt=\"\" width=\"198\" height=\"334\" srcset=\"https:\/\/agora.xtec.cat\/escolalavilapalamos\/wp-content\/uploads\/usu897\/2025\/10\/5A.png 423w, https:\/\/agora.xtec.cat\/escolalavilapalamos\/wp-content\/uploads\/usu897\/2025\/10\/5A-178x300.png 178w\" sizes=\"auto, (max-width: 198px) 100vw, 198px\" \/><\/a><a href=\"https:\/\/agora.xtec.cat\/escolalavilapalamos\/wp-content\/uploads\/usu897\/2025\/10\/image0-5-rotated.jpeg\"><img loading=\"lazy\" decoding=\"async\" class=\"wp-image-15988 alignnone\" src=\"https:\/\/agora.xtec.cat\/escolalavilapalamos\/wp-content\/uploads\/usu897\/2025\/10\/image0-5-rotated.jpeg\" alt=\"\" width=\"250\" height=\"333\" srcset=\"https:\/\/agora.xtec.cat\/escolalavilapalamos\/wp-content\/uploads\/usu897\/2025\/10\/image0-5-rotated.jpeg 480w, https:\/\/agora.xtec.cat\/escolalavilapalamos\/wp-content\/uploads\/usu897\/2025\/10\/image0-5-225x300.jpeg 225w\" sizes=\"auto, (max-width: 250px) 100vw, 250px\" \/><\/a><\/p>\n<p><a href=\"https:\/\/agora.xtec.cat\/escolalavilapalamos\/wp-content\/uploads\/usu897\/2025\/10\/IMG_1654-1-1.heic\"><img decoding=\"async\" class=\"aligncenter size-full wp-image-15990\" src=\"https:\/\/agora.xtec.cat\/escolalavilapalamos\/wp-content\/uploads\/usu897\/2025\/10\/IMG_1654-1-1.heic\" alt=\"\" \/><\/a><\/p>\n<p><a href=\"https:\/\/agora.xtec.cat\/escolalavilapalamos\/wp-content\/uploads\/usu897\/2025\/10\/IMG_1654.heic\"><img decoding=\"async\" class=\"aligncenter size-full wp-image-15986\" src=\"https:\/\/agora.xtec.cat\/escolalavilapalamos\/wp-content\/uploads\/usu897\/2025\/10\/IMG_1654.heic\" alt=\"\" \/><\/a><\/p>\n","protected":false},"excerpt":{"rendered":"<p>Cada setembre rebem una agenda en blanc. Durant les primeres setmanes cada nen i nena la personalitza. Aquest curs a 5\u00e8 hem volgut fer un homenatge a Gaud\u00ed ja que aquest proper 2026 estar\u00e0 dedicat a commemorar el centenari de la seva mort. Hi anirem&hellip;  <a href=\"https:\/\/agora.xtec.cat\/escolalavilapalamos\/general\/agendes-5e\/\" title=\"Read Agendes 5\u00e8\">Llegeix m\u00e9s\u00bb<\/a><\/p>\n","protected":false},"author":132,"featured_media":0,"comment_status":"open","ping_status":"open","sticky":false,"template":"","format":"standard","meta":{"_bbp_topic_count":0,"_bbp_reply_count":0,"_bbp_total_topic_count":0,"_bbp_total_reply_count":0,"_bbp_voice_count":0,"_bbp_anonymous_reply_count":0,"_bbp_topic_count_hidden":0,"_bbp_reply_count_hidden":0,"_bbp_forum_subforum_count":0,"footnotes":""},"categories":[1,4],"tags":[],"class_list":["post-15985","post","type-post","status-publish","format-standard","hentry","category-general","category-portada"],"post_mailing_queue_ids":[],"_links":{"self":[{"href":"https:\/\/agora.xtec.cat\/escolalavilapalamos\/wp-json\/wp\/v2\/posts\/15985","targetHints":{"allow":["GET"]}}],"collection":[{"href":"https:\/\/agora.xtec.cat\/escolalavilapalamos\/wp-json\/wp\/v2\/posts"}],"about":[{"href":"https:\/\/agora.xtec.cat\/escolalavilapalamos\/wp-json\/wp\/v2\/types\/post"}],"author":[{"embeddable":true,"href":"https:\/\/agora.xtec.cat\/escolalavilapalamos\/wp-json\/wp\/v2\/users\/132"}],"replies":[{"embeddable":true,"href":"https:\/\/agora.xtec.cat\/escolalavilapalamos\/wp-json\/wp\/v2\/comments?post=15985"}],"version-history":[{"count":3,"href":"https:\/\/agora.xtec.cat\/escolalavilapalamos\/wp-json\/wp\/v2\/posts\/15985\/revisions"}],"predecessor-version":[{"id":16015,"href":"https:\/\/agora.xtec.cat\/escolalavilapalamos\/wp-json\/wp\/v2\/posts\/15985\/revisions\/16015"}],"wp:attachment":[{"href":"https:\/\/agora.xtec.cat\/escolalavilapalamos\/wp-json\/wp\/v2\/media?parent=15985"}],"wp:term":[{"taxonomy":"category","embeddable":true,"href":"https:\/\/agora.xtec.cat\/escolalavilapalamos\/wp-json\/wp\/v2\/categories?post=15985"},{"taxonomy":"post_tag","embeddable":true,"href":"https:\/\/agora.xtec.cat\/escolalavilapalamos\/wp-json\/wp\/v2\/tags?post=15985"}],"curies":[{"name":"wp","href":"https:\/\/api.w.org\/{rel}","templated":true}]}}