{"id":15970,"date":"2025-10-08T08:30:39","date_gmt":"2025-10-08T06:30:39","guid":{"rendered":"https:\/\/agora.xtec.cat\/escolalavilapalamos\/?p=15970"},"modified":"2025-10-08T08:30:39","modified_gmt":"2025-10-08T06:30:39","slug":"a-2n-iniciem-el-projecte-del-poble","status":"publish","type":"post","link":"https:\/\/agora.xtec.cat\/escolalavilapalamos\/general\/a-2n-iniciem-el-projecte-del-poble\/","title":{"rendered":"A 2n iniciem el projecte del poble"},"content":{"rendered":"<p>Fa unes setmanes que hem comen\u00e7at a investigar sobre el nostre poble Palam\u00f3s. Vam comen\u00e7ar a interpretar un pl\u00e0nol i a parlar dels llocs m\u00e9s emblem\u00e0tics que tenim a la nostra vila. Tamb\u00e9 hem comen\u00e7at a fer sortides, per tal d&#8217;aprendre la hist\u00f2ria, els edificis importants, les llegendes, curiositats, etc.<\/p>\n<p>D&#8217;altra banda, cada alumne ha triat un lloc important de Palam\u00f3s per investigar i aix\u00ed convertir-se en guies tur\u00edstics en les pr\u00f2ximes sortides.<\/p>\n<p>A continuaci\u00f3, podreu veure les fotos de la sortida que hem realitzat aquest dimarts accedint <a href=\"https:\/\/agora.xtec.cat\/escolalavilapalamos\/general\/fotos-tg-poble-2n\/\">aqu\u00ed.<\/a><\/p>\n<p><a href=\"https:\/\/agora.xtec.cat\/escolalavilapalamos\/wp-content\/uploads\/usu897\/2025\/10\/foto-sortida-Palamos.png\"><img loading=\"lazy\" decoding=\"async\" class=\"size-medium wp-image-15971 aligncenter\" src=\"https:\/\/agora.xtec.cat\/escolalavilapalamos\/wp-content\/uploads\/usu897\/2025\/10\/foto-sortida-Palamos-300x221.png\" alt=\"\" width=\"300\" height=\"221\" srcset=\"https:\/\/agora.xtec.cat\/escolalavilapalamos\/wp-content\/uploads\/usu897\/2025\/10\/foto-sortida-Palamos-300x221.png 300w, https:\/\/agora.xtec.cat\/escolalavilapalamos\/wp-content\/uploads\/usu897\/2025\/10\/foto-sortida-Palamos-1024x756.png 1024w, https:\/\/agora.xtec.cat\/escolalavilapalamos\/wp-content\/uploads\/usu897\/2025\/10\/foto-sortida-Palamos-768x567.png 768w, https:\/\/agora.xtec.cat\/escolalavilapalamos\/wp-content\/uploads\/usu897\/2025\/10\/foto-sortida-Palamos.png 1153w\" sizes=\"auto, (max-width: 300px) 100vw, 300px\" \/><\/a><\/p>\n<p>&nbsp;<\/p>\n","protected":false},"excerpt":{"rendered":"<p>Fa unes setmanes que hem comen\u00e7at a investigar sobre el nostre poble Palam\u00f3s. Vam comen\u00e7ar a interpretar un pl\u00e0nol i a parlar dels llocs m\u00e9s emblem\u00e0tics que tenim a la nostra vila. Tamb\u00e9 hem comen\u00e7at a fer sortides, per tal d&#8217;aprendre la hist\u00f2ria, els edificis&hellip;  <a href=\"https:\/\/agora.xtec.cat\/escolalavilapalamos\/general\/a-2n-iniciem-el-projecte-del-poble\/\" title=\"Read A 2n iniciem el projecte del poble\">Llegeix m\u00e9s\u00bb<\/a><\/p>\n","protected":false},"author":131,"featured_media":0,"comment_status":"open","ping_status":"open","sticky":false,"template":"","format":"standard","meta":{"_bbp_topic_count":0,"_bbp_reply_count":0,"_bbp_total_topic_count":0,"_bbp_total_reply_count":0,"_bbp_voice_count":0,"_bbp_anonymous_reply_count":0,"_bbp_topic_count_hidden":0,"_bbp_reply_count_hidden":0,"_bbp_forum_subforum_count":0,"footnotes":""},"categories":[127,1,4],"tags":[],"class_list":["post-15970","post","type-post","status-publish","format-standard","hentry","category-comunitat-de-mitjans","category-general","category-portada"],"post_mailing_queue_ids":[],"_links":{"self":[{"href":"https:\/\/agora.xtec.cat\/escolalavilapalamos\/wp-json\/wp\/v2\/posts\/15970","targetHints":{"allow":["GET"]}}],"collection":[{"href":"https:\/\/agora.xtec.cat\/escolalavilapalamos\/wp-json\/wp\/v2\/posts"}],"about":[{"href":"https:\/\/agora.xtec.cat\/escolalavilapalamos\/wp-json\/wp\/v2\/types\/post"}],"author":[{"embeddable":true,"href":"https:\/\/agora.xtec.cat\/escolalavilapalamos\/wp-json\/wp\/v2\/users\/131"}],"replies":[{"embeddable":true,"href":"https:\/\/agora.xtec.cat\/escolalavilapalamos\/wp-json\/wp\/v2\/comments?post=15970"}],"version-history":[{"count":2,"href":"https:\/\/agora.xtec.cat\/escolalavilapalamos\/wp-json\/wp\/v2\/posts\/15970\/revisions"}],"predecessor-version":[{"id":15975,"href":"https:\/\/agora.xtec.cat\/escolalavilapalamos\/wp-json\/wp\/v2\/posts\/15970\/revisions\/15975"}],"wp:attachment":[{"href":"https:\/\/agora.xtec.cat\/escolalavilapalamos\/wp-json\/wp\/v2\/media?parent=15970"}],"wp:term":[{"taxonomy":"category","embeddable":true,"href":"https:\/\/agora.xtec.cat\/escolalavilapalamos\/wp-json\/wp\/v2\/categories?post=15970"},{"taxonomy":"post_tag","embeddable":true,"href":"https:\/\/agora.xtec.cat\/escolalavilapalamos\/wp-json\/wp\/v2\/tags?post=15970"}],"curies":[{"name":"wp","href":"https:\/\/api.w.org\/{rel}","templated":true}]}}