{"id":15952,"date":"2025-10-03T12:56:43","date_gmt":"2025-10-03T10:56:43","guid":{"rendered":"https:\/\/agora.xtec.cat\/escolalavilapalamos\/?p=15952"},"modified":"2025-10-03T12:56:43","modified_gmt":"2025-10-03T10:56:43","slug":"matematiques-a-primer","status":"publish","type":"post","link":"https:\/\/agora.xtec.cat\/escolalavilapalamos\/general\/matematiques-a-primer\/","title":{"rendered":"MATEM\u00c0TIQUES A PRIMER"},"content":{"rendered":"<p><span style=\"font-weight: 400;\">Els nens i nenes de primer ja fa dies que han comen\u00e7at el treball del pensament l\u00f2gic &#8211; matem\u00e0tic. A l\u2019escola fem servir el material d\u2019Innovamat. Els infants treballen de manera manipulativa i expressen oralment els seus raonaments. Despr\u00e9s plasmen sobre el quadern all\u00f2 que han apr\u00e8s. Tamb\u00e9 practiquen amb l\u2019app a la tablet una estona cada setmana.<\/span><\/p>\n<p><span style=\"font-weight: 400;\">Aquests dies ja hem muntat el collaret de boles del 10. Si voleu saber per a qu\u00e8 l\u2019utilitzarem, podeu visualitzar aquest <\/span><a href=\"https:\/\/youtu.be\/ycBawp8Fo5s?si=q7zVHPHIBDrcpgBY\"><span style=\"font-weight: 400;\">v\u00eddeo explicatiu <\/span><\/a><span style=\"font-weight: 400;\">que nom\u00e9s dura 2 minuts.\u00a0\u00a0<\/span><\/p>\n<p>Podeu veure les fotos accedint <a href=\"https:\/\/agora.xtec.cat\/escolalavilapalamos\/general\/fotos-matematiques-a-primer\/\">aqu\u00ed<\/a>.<\/p>\n<p>&nbsp;<\/p>\n<p><a href=\"https:\/\/agora.xtec.cat\/escolalavilapalamos\/wp-content\/uploads\/usu897\/2025\/10\/WhatsApp-Image-2025-10-02-at-16.53.13.jpeg\"><img loading=\"lazy\" decoding=\"async\" class=\"size-medium wp-image-15953 aligncenter\" src=\"https:\/\/agora.xtec.cat\/escolalavilapalamos\/wp-content\/uploads\/usu897\/2025\/10\/WhatsApp-Image-2025-10-02-at-16.53.13-300x225.jpeg\" alt=\"\" width=\"300\" height=\"225\" srcset=\"https:\/\/agora.xtec.cat\/escolalavilapalamos\/wp-content\/uploads\/usu897\/2025\/10\/WhatsApp-Image-2025-10-02-at-16.53.13-300x225.jpeg 300w, https:\/\/agora.xtec.cat\/escolalavilapalamos\/wp-content\/uploads\/usu897\/2025\/10\/WhatsApp-Image-2025-10-02-at-16.53.13-1024x768.jpeg 1024w, https:\/\/agora.xtec.cat\/escolalavilapalamos\/wp-content\/uploads\/usu897\/2025\/10\/WhatsApp-Image-2025-10-02-at-16.53.13-768x576.jpeg 768w, https:\/\/agora.xtec.cat\/escolalavilapalamos\/wp-content\/uploads\/usu897\/2025\/10\/WhatsApp-Image-2025-10-02-at-16.53.13-1536x1152.jpeg 1536w, https:\/\/agora.xtec.cat\/escolalavilapalamos\/wp-content\/uploads\/usu897\/2025\/10\/WhatsApp-Image-2025-10-02-at-16.53.13-200x150.jpeg 200w, https:\/\/agora.xtec.cat\/escolalavilapalamos\/wp-content\/uploads\/usu897\/2025\/10\/WhatsApp-Image-2025-10-02-at-16.53.13.jpeg 1600w\" sizes=\"auto, (max-width: 300px) 100vw, 300px\" \/><\/a><\/p>\n<p>&nbsp;<\/p>\n<p>&nbsp;<\/p>\n","protected":false},"excerpt":{"rendered":"<p>Els nens i nenes de primer ja fa dies que han comen\u00e7at el treball del pensament l\u00f2gic &#8211; matem\u00e0tic. A l\u2019escola fem servir el material d\u2019Innovamat. Els infants treballen de manera manipulativa i expressen oralment els seus raonaments. Despr\u00e9s plasmen sobre el quadern all\u00f2 que&hellip;  <a href=\"https:\/\/agora.xtec.cat\/escolalavilapalamos\/general\/matematiques-a-primer\/\" title=\"Read MATEM\u00c0TIQUES A PRIMER\">Llegeix m\u00e9s\u00bb<\/a><\/p>\n","protected":false},"author":131,"featured_media":15957,"comment_status":"open","ping_status":"open","sticky":false,"template":"","format":"standard","meta":{"_bbp_topic_count":0,"_bbp_reply_count":0,"_bbp_total_topic_count":0,"_bbp_total_reply_count":0,"_bbp_voice_count":0,"_bbp_anonymous_reply_count":0,"_bbp_topic_count_hidden":0,"_bbp_reply_count_hidden":0,"_bbp_forum_subforum_count":0,"footnotes":""},"categories":[127,1,4],"tags":[],"class_list":["post-15952","post","type-post","status-publish","format-standard","has-post-thumbnail","hentry","category-comunitat-de-mitjans","category-general","category-portada"],"post_mailing_queue_ids":[],"_links":{"self":[{"href":"https:\/\/agora.xtec.cat\/escolalavilapalamos\/wp-json\/wp\/v2\/posts\/15952","targetHints":{"allow":["GET"]}}],"collection":[{"href":"https:\/\/agora.xtec.cat\/escolalavilapalamos\/wp-json\/wp\/v2\/posts"}],"about":[{"href":"https:\/\/agora.xtec.cat\/escolalavilapalamos\/wp-json\/wp\/v2\/types\/post"}],"author":[{"embeddable":true,"href":"https:\/\/agora.xtec.cat\/escolalavilapalamos\/wp-json\/wp\/v2\/users\/131"}],"replies":[{"embeddable":true,"href":"https:\/\/agora.xtec.cat\/escolalavilapalamos\/wp-json\/wp\/v2\/comments?post=15952"}],"version-history":[{"count":2,"href":"https:\/\/agora.xtec.cat\/escolalavilapalamos\/wp-json\/wp\/v2\/posts\/15952\/revisions"}],"predecessor-version":[{"id":15958,"href":"https:\/\/agora.xtec.cat\/escolalavilapalamos\/wp-json\/wp\/v2\/posts\/15952\/revisions\/15958"}],"wp:featuredmedia":[{"embeddable":true,"href":"https:\/\/agora.xtec.cat\/escolalavilapalamos\/wp-json\/wp\/v2\/media\/15957"}],"wp:attachment":[{"href":"https:\/\/agora.xtec.cat\/escolalavilapalamos\/wp-json\/wp\/v2\/media?parent=15952"}],"wp:term":[{"taxonomy":"category","embeddable":true,"href":"https:\/\/agora.xtec.cat\/escolalavilapalamos\/wp-json\/wp\/v2\/categories?post=15952"},{"taxonomy":"post_tag","embeddable":true,"href":"https:\/\/agora.xtec.cat\/escolalavilapalamos\/wp-json\/wp\/v2\/tags?post=15952"}],"curies":[{"name":"wp","href":"https:\/\/api.w.org\/{rel}","templated":true}]}}