{"id":15942,"date":"2025-09-01T10:46:22","date_gmt":"2025-09-01T08:46:22","guid":{"rendered":"https:\/\/agora.xtec.cat\/escolalavilapalamos\/?p=15942"},"modified":"2025-09-24T11:25:01","modified_gmt":"2025-09-24T09:25:01","slug":"estiu2025_inici-de-curs-2026","status":"publish","type":"post","link":"https:\/\/agora.xtec.cat\/escolalavilapalamos\/general\/estiu2025_inici-de-curs-2026\/","title":{"rendered":"Estiu 2025_ Inici de curs 25-26"},"content":{"rendered":"<p>A La Vila, seguim treballant per preparar el nou curs. Aqu\u00ed us deixem informaci\u00f3 que us ser\u00e0 d\u2019utilitat de cares al setembre.<\/p>\n<p>Les classes comen\u00e7aran el <strong>dilluns 8<\/strong><strong>\u00a0de setembre<\/strong> en horari de <strong>8.30h a 12h i de 14.30h a 16h. <\/strong>Aqu\u00ed us deixem el <a href=\"https:\/\/drive.google.com\/file\/d\/1fR8QtmONn3CNPc8b0QCfiTV61lpXaTh6\/view?usp=sharing\">Calendari Escolar Curs 25-26.<\/a><\/p>\n<p><strong>El servei de menjador escolar i d\u2019acollida comen\u00e7a el dilluns 8 de setembre.<\/strong> Per quedar-se al menjador de l\u2019escola <strong>cal que feu la sol\u00b7licitud<\/strong>, trobareu m\u00e9s informaci\u00f3 a la <a href=\"https:\/\/www.baixemporda.cat\/ca\/arees\/ensenyament\/menjador-escolar\/\">web del Consell Comarcal.<\/a>\u00a0 L\u2019AFA realitza un seguit d\u2019actuacions i serveis per a les fam\u00edlies de l\u2019escola (amb descomptes per als seus socis), trobareu tota la informaci\u00f3 <a href=\"https:\/\/sites.google.com\/view\/ampalavila\/inici\">a la seva web.\u00a0<\/a><\/p>\n<p>Les reunions d\u2019inici de curs seran:<\/p>\n<ul>\n<li>Comunitat de Petits (I4, I5): <strong>dimarts 16 de setembre a les 19h. (<\/strong>I3, realitzada el 3 de juliol<strong>)<\/strong><\/li>\n<li>Comunitat de Mitjans (1r, 2n, 3r): <strong>dimecres 17 de setembre a les 19h.<\/strong><\/li>\n<li>Comunitat de Grans (4t, 5\u00e8, 6\u00e8): <strong>dijous 18 de setembre a les 19h<\/strong>.<\/li>\n<\/ul>\n<p><strong>L\u2019escola romandr\u00e0 tancada fins el dia 1 de setembre<\/strong>, per a dubtes, podeu consultar la nostra web o enviar un correu a <a href=\"mailto:escolalavilapalamos@xtec.cat\">escolalavilapalamos@xtec.cat<\/a>.<\/p>\n<p>BON ESTIU!<a href=\"https:\/\/agora.xtec.cat\/escolalavilapalamos\/wp-content\/uploads\/usu897\/2025\/07\/llibre-i-platja.jpg\"><img loading=\"lazy\" decoding=\"async\" class=\"aligncenter wp-image-15898\" src=\"https:\/\/agora.xtec.cat\/escolalavilapalamos\/wp-content\/uploads\/usu897\/2025\/07\/llibre-i-platja-300x167.jpg\" sizes=\"auto, (max-width: 350px) 100vw, 350px\" srcset=\"https:\/\/agora.xtec.cat\/escolalavilapalamos\/wp-content\/uploads\/usu897\/2025\/07\/llibre-i-platja-300x167.jpg 300w, https:\/\/agora.xtec.cat\/escolalavilapalamos\/wp-content\/uploads\/usu897\/2025\/07\/llibre-i-platja.jpg 702w\" alt=\"\" width=\"350\" height=\"195\" \/><\/a><\/p>\n","protected":false},"excerpt":{"rendered":"<p>A La Vila, seguim treballant per preparar el nou curs. Aqu\u00ed us deixem informaci\u00f3 que us ser\u00e0 d\u2019utilitat de cares al setembre.<br \/>\nLes classes comen\u00e7aran el dilluns 8\u00a0de setembre en horari de 8.30h a 12h i de 14.30h a 16h. Aqu\u00ed us deixem el <a href=\"https:\/\/drive.google.com\/file\/d\/1fR8QtmONn3CNPc8b0QCfiTV61lpXaTh6\/view?usp=sharing\">Calendari&hellip;  <a href=\"https:\/\/agora.xtec.cat\/escolalavilapalamos\/general\/estiu2025_inici-de-curs-2026\/\" title=\"Read Estiu 2025_ Inici de curs 25-26\">Llegeix m\u00e9s\u00bb<\/a><\/p>\n","protected":false},"author":1,"featured_media":0,"comment_status":"open","ping_status":"open","sticky":false,"template":"","format":"standard","meta":{"_bbp_topic_count":0,"_bbp_reply_count":0,"_bbp_total_topic_count":0,"_bbp_total_reply_count":0,"_bbp_voice_count":0,"_bbp_anonymous_reply_count":0,"_bbp_topic_count_hidden":0,"_bbp_reply_count_hidden":0,"_bbp_forum_subforum_count":0,"footnotes":""},"categories":[1,4,5],"tags":[],"class_list":["post-15942","post","type-post","status-publish","format-standard","hentry","category-general","category-portada","category-primaria"],"post_mailing_queue_ids":[],"_links":{"self":[{"href":"https:\/\/agora.xtec.cat\/escolalavilapalamos\/wp-json\/wp\/v2\/posts\/15942","targetHints":{"allow":["GET"]}}],"collection":[{"href":"https:\/\/agora.xtec.cat\/escolalavilapalamos\/wp-json\/wp\/v2\/posts"}],"about":[{"href":"https:\/\/agora.xtec.cat\/escolalavilapalamos\/wp-json\/wp\/v2\/types\/post"}],"author":[{"embeddable":true,"href":"https:\/\/agora.xtec.cat\/escolalavilapalamos\/wp-json\/wp\/v2\/users\/1"}],"replies":[{"embeddable":true,"href":"https:\/\/agora.xtec.cat\/escolalavilapalamos\/wp-json\/wp\/v2\/comments?post=15942"}],"version-history":[{"count":4,"href":"https:\/\/agora.xtec.cat\/escolalavilapalamos\/wp-json\/wp\/v2\/posts\/15942\/revisions"}],"predecessor-version":[{"id":15947,"href":"https:\/\/agora.xtec.cat\/escolalavilapalamos\/wp-json\/wp\/v2\/posts\/15942\/revisions\/15947"}],"wp:attachment":[{"href":"https:\/\/agora.xtec.cat\/escolalavilapalamos\/wp-json\/wp\/v2\/media?parent=15942"}],"wp:term":[{"taxonomy":"category","embeddable":true,"href":"https:\/\/agora.xtec.cat\/escolalavilapalamos\/wp-json\/wp\/v2\/categories?post=15942"},{"taxonomy":"post_tag","embeddable":true,"href":"https:\/\/agora.xtec.cat\/escolalavilapalamos\/wp-json\/wp\/v2\/tags?post=15942"}],"curies":[{"name":"wp","href":"https:\/\/api.w.org\/{rel}","templated":true}]}}