{"id":15937,"date":"2025-09-08T12:24:07","date_gmt":"2025-09-08T10:24:07","guid":{"rendered":"https:\/\/agora.xtec.cat\/escolalavilapalamos\/?p=15937"},"modified":"2025-09-08T12:24:07","modified_gmt":"2025-09-08T10:24:07","slug":"a-2n-comencem-piscina-2","status":"publish","type":"post","link":"https:\/\/agora.xtec.cat\/escolalavilapalamos\/general\/a-2n-comencem-piscina-2\/","title":{"rendered":"A 2n comencem piscina!"},"content":{"rendered":"<div class=\"entry-content\">\n<header class=\"entry-header\"><\/header>\n<div class=\"entry-content\">\n<p>&nbsp;<\/p>\n<p><img loading=\"lazy\" decoding=\"async\" class=\"wp-image-539 aligncenter\" src=\"https:\/\/agora.xtec.cat\/escolalavilapalamos\/wp-content\/uploads\/usu897\/2017\/01\/12520-molestias-de-los-oidos-en-piscina-300x167.jpg\" alt=\"\" width=\"383\" height=\"213\" srcset=\"https:\/\/agora.xtec.cat\/escolalavilapalamos\/wp-content\/uploads\/usu897\/2017\/01\/12520-molestias-de-los-oidos-en-piscina-300x167.jpg 300w, https:\/\/agora.xtec.cat\/escolalavilapalamos\/wp-content\/uploads\/usu897\/2017\/01\/12520-molestias-de-los-oidos-en-piscina-768x427.jpg 768w, https:\/\/agora.xtec.cat\/escolalavilapalamos\/wp-content\/uploads\/usu897\/2017\/01\/12520-molestias-de-los-oidos-en-piscina-1024x569.jpg 1024w\" sizes=\"auto, (max-width: 383px) 100vw, 383px\" \/><\/p>\n<p>&nbsp;<\/p>\n<p>Dins l\u2019\u00e0rea de l\u2019educaci\u00f3 f\u00edsica de la comunitat de mitjans \u00e9s molt important\u00a0<strong>aprendre a nedar<\/strong>.<\/p>\n<p>Els\/les alumnes de 2n aniran a la Piscina Mancomunada Mes Gavarres els dilluns al mat\u00ed, del 15 de setembre al 24 de novembre de 2025.<\/p>\n<p>Tota la informaci\u00f3 referent al material i calendari de sessions la trobareu a la circular que us la podeu descarregar a:<\/p>\n<p><a href=\"https:\/\/drive.google.com\/file\/d\/1Nk322hRmBZE80UypGN_Z3n7Aed4a__3c\/view?usp=sharing\">Circular i autoritzaci\u00f3 de piscina de 2n.<\/a><\/p>\n<p><strong>Heu de retornar l\u2019autoritzaci\u00f3 abans del 12 de setembre.<\/strong><\/p>\n<\/div>\n<\/div>\n","protected":false},"excerpt":{"rendered":"<p>&nbsp;<\/p>\n<p>&nbsp;<br \/>\nDins l\u2019\u00e0rea de l\u2019educaci\u00f3 f\u00edsica de la comunitat de mitjans \u00e9s molt important\u00a0aprendre a nedar.<br \/>\nEls\/les alumnes de 2n aniran a la Piscina Mancomunada Mes Gavarres els dilluns al mat\u00ed, del 15 de setembre al 24 de novembre de 2025.<br \/>\nTota la informaci\u00f3 referent al material i&hellip;  <a href=\"https:\/\/agora.xtec.cat\/escolalavilapalamos\/general\/a-2n-comencem-piscina-2\/\" title=\"Read A 2n comencem piscina!\">Llegeix m\u00e9s\u00bb<\/a><\/p>\n","protected":false},"author":131,"featured_media":0,"comment_status":"open","ping_status":"open","sticky":false,"template":"","format":"standard","meta":{"_bbp_topic_count":0,"_bbp_reply_count":0,"_bbp_total_topic_count":0,"_bbp_total_reply_count":0,"_bbp_voice_count":0,"_bbp_anonymous_reply_count":0,"_bbp_topic_count_hidden":0,"_bbp_reply_count_hidden":0,"_bbp_forum_subforum_count":0,"footnotes":""},"categories":[127,70,67,1,4,5],"tags":[],"class_list":["post-15937","post","type-post","status-publish","format-standard","hentry","category-comunitat-de-mitjans","category-efi","category-especialistes","category-general","category-portada","category-primaria"],"post_mailing_queue_ids":[],"_links":{"self":[{"href":"https:\/\/agora.xtec.cat\/escolalavilapalamos\/wp-json\/wp\/v2\/posts\/15937","targetHints":{"allow":["GET"]}}],"collection":[{"href":"https:\/\/agora.xtec.cat\/escolalavilapalamos\/wp-json\/wp\/v2\/posts"}],"about":[{"href":"https:\/\/agora.xtec.cat\/escolalavilapalamos\/wp-json\/wp\/v2\/types\/post"}],"author":[{"embeddable":true,"href":"https:\/\/agora.xtec.cat\/escolalavilapalamos\/wp-json\/wp\/v2\/users\/131"}],"replies":[{"embeddable":true,"href":"https:\/\/agora.xtec.cat\/escolalavilapalamos\/wp-json\/wp\/v2\/comments?post=15937"}],"version-history":[{"count":2,"href":"https:\/\/agora.xtec.cat\/escolalavilapalamos\/wp-json\/wp\/v2\/posts\/15937\/revisions"}],"predecessor-version":[{"id":15939,"href":"https:\/\/agora.xtec.cat\/escolalavilapalamos\/wp-json\/wp\/v2\/posts\/15937\/revisions\/15939"}],"wp:attachment":[{"href":"https:\/\/agora.xtec.cat\/escolalavilapalamos\/wp-json\/wp\/v2\/media?parent=15937"}],"wp:term":[{"taxonomy":"category","embeddable":true,"href":"https:\/\/agora.xtec.cat\/escolalavilapalamos\/wp-json\/wp\/v2\/categories?post=15937"},{"taxonomy":"post_tag","embeddable":true,"href":"https:\/\/agora.xtec.cat\/escolalavilapalamos\/wp-json\/wp\/v2\/tags?post=15937"}],"curies":[{"name":"wp","href":"https:\/\/api.w.org\/{rel}","templated":true}]}}