{"id":15894,"date":"2025-07-08T11:59:21","date_gmt":"2025-07-08T09:59:21","guid":{"rendered":"https:\/\/agora.xtec.cat\/escolalavilapalamos\/?p=15894"},"modified":"2025-07-11T10:11:12","modified_gmt":"2025-07-11T08:11:12","slug":"informacio-matricula-25-26","status":"publish","type":"post","link":"https:\/\/agora.xtec.cat\/escolalavilapalamos\/general\/informacio-matricula-25-26\/","title":{"rendered":"INFORMACI\u00d3 MATR\u00cdCULA 25-26"},"content":{"rendered":"<p>Del <strong>26 de juny al 3 de juliol<\/strong>\u00a0s\u2019obre el per\u00edode per formalitzar la\u00a0<strong>matr\u00edcula dels alumnes d\u2019educaci\u00f3 infantil i prim\u00e0ria pel curs 2025-26. <\/strong>Cal que consulteu la llista d\u2019admesos del per\u00edode de la preinscripci\u00f3 que trobareu penjada aqu\u00ed i al taulell d\u2019anuncis de l\u2019escola, per saber si podeu matricular el nen\/a<b>.<a href=\"https:\/\/agora.xtec.cat\/escolalavilapalamos\/wp-content\/uploads\/usu897\/2025\/05\/20250514100554190_0001-scaled.jpg\"><img loading=\"lazy\" decoding=\"async\" class=\"size-medium wp-image-15678 alignright\" src=\"https:\/\/agora.xtec.cat\/escolalavilapalamos\/wp-content\/uploads\/usu897\/2025\/05\/20250514100554190_0001-300x212.jpg\" sizes=\"auto, (max-width: 300px) 100vw, 300px\" srcset=\"https:\/\/agora.xtec.cat\/escolalavilapalamos\/wp-content\/uploads\/usu897\/2025\/05\/20250514100554190_0001-300x212.jpg 300w, https:\/\/agora.xtec.cat\/escolalavilapalamos\/wp-content\/uploads\/usu897\/2025\/05\/20250514100554190_0001-1024x724.jpg 1024w, https:\/\/agora.xtec.cat\/escolalavilapalamos\/wp-content\/uploads\/usu897\/2025\/05\/20250514100554190_0001-768x543.jpg 768w, https:\/\/agora.xtec.cat\/escolalavilapalamos\/wp-content\/uploads\/usu897\/2025\/05\/20250514100554190_0001-1536x1086.jpg 1536w, https:\/\/agora.xtec.cat\/escolalavilapalamos\/wp-content\/uploads\/usu897\/2025\/05\/20250514100554190_0001-2048x1448.jpg 2048w\" alt=\"\" width=\"300\" height=\"212\" \/><\/a><\/b><\/p>\n<p><a href=\"https:\/\/drive.google.com\/file\/d\/1hxMZEBBzPt2D9cUOH-u6QsIrl_nbunKA\/view?usp=sharing\">LLISTAT D\u2019ALUMNES ADMESOS A L\u2019ESCOLA LA VILA\u00a0<\/a><\/p>\n<p><a href=\"https:\/\/drive.google.com\/file\/d\/1RpQM7HltYLXWAdFg7QWTpxwAeVY1qSjK\/view?usp=sharing\">LLISTAT ALUMNES EN LLISTA D\u2019ESPERA\u00a0<\/a><\/p>\n<p><a href=\"https:\/\/drive.google.com\/file\/d\/1bMzDexDiUy-BDIxMftaYWfBuyJgIq4au\/view?usp=sharing\">LLISTAT D\u2019ALUMNES AMB CENTRE ASSIGNAT QUE VAN PRESENTAR PREINSCRIPCI\u00d3 A LA VILA\u00a0<\/a><\/p>\n<p><em><strong>ATENCI\u00d3: La reuni\u00f3 per a les fam\u00edlies nouvingudes d\u2019I3 ser\u00e0 el dijous 3 de juliol a les 19h, al pavell\u00f3 de l\u2019escola.<\/strong><\/em><\/p>\n<p>Els alumnes que no formalitzen la matr\u00edcula en el per\u00edode establert <strong>es considera que renuncien a la pla\u00e7a adjudicada.<\/strong><\/p>\n<p>Tota\u00a0<strong>la documentaci\u00f3<\/strong> per la matr\u00edcula us la podeu descarregar <a href=\"https:\/\/drive.google.com\/drive\/folders\/15UziWrfXbScjZp8qIjTkqdgUHfPe0slC?usp=drive_link\">AQU\u00cd<\/a> o passar a recollir-la a partir del dilluns 16 de juny a la secretaria de l\u2019escola. Horari de 8:30 a 13.30h.<\/p>\n<p>A m\u00e9s a m\u00e9s, us enllacem els fulls de pagament de quotes per a cada comunitat:<\/p>\n<ul>\n<li><a href=\"https:\/\/drive.google.com\/file\/d\/1HopIq69KiyYSXQuYvwNl3uQvAgpQfd8b\/view?usp=sharing\">Circular pagament quotes COMUNITAT DE PETITS<\/a>. (I3, I4, I5)<\/li>\n<li><a href=\"https:\/\/drive.google.com\/file\/d\/1onAsbc8-_pEfVlFNpfGE7gp5g5ghJdXb\/view?usp=sharing\">Circular pagament quotes COMUNITAT DE MITJANS<\/a>. (1r, 2n, 3r)<\/li>\n<li><a href=\"https:\/\/drive.google.com\/file\/d\/1SgdzegvQr6Ix2NvhW5uVrv7EUfX6Kl-N\/view?usp=sharing\">Circular pagament quotes COMUNITAT DE GRANS<\/a>. (4t, 5\u00e8, 6\u00e8)<\/li>\n<\/ul>\n<p><em>(Les fam\u00edlies vulnerables <strong>d&#8217;I3 a 1r<\/strong> estan exemptes del pagament de quotes, xandall, excursions i AMPA.)<\/em><\/p>\n<p>Aqu\u00ed teniu tamb\u00e9 el full de pagament de l\u2019AMPA: \u00a0<a href=\"https:\/\/drive.google.com\/file\/d\/1ix0mT3npGK8DsLr3qtKJldR4Xwd-6nKR\/view?usp=sharing\">Quota de l\u2019 AMPA_25-26<\/a>.<\/p>\n<p>Per\u00a0<strong>reclamacions a la comissi\u00f3 de garanties<\/strong> sobre el proc\u00e9s d\u2019admissi\u00f3 d\u2019alumnes cal trucar al tel\u00e8fon: 972 31 20 24 o b\u00e9 escriure a:\u00a0 <a href=\"mailto:ensenyament@palamos.cat\">ome@palamos.cat <\/a>especificant el nom i cognom de l\u2019alumne\/a i el tel\u00e8fon. <strong>Termini m\u00e0xim de reclamaci\u00f3 dimecres 19 de juny.<\/strong><\/p>\n<p>MENJADOR ESCOLAR: Podeu consultar informaci\u00f3 sobre menjador escolar a la web del Consell Comarcal: <a href=\"https:\/\/www.baixemporda.cat\/ca\/arees\/ensenyament\/menjador-escolar\/\">MENJADOR ESCOLAR_CONSELL COMARCAL BAIX EMPORD\u00c0<\/a><\/p>\n<p>M\u00e9s informaci\u00f3 a la\u00a0<a href=\"http:\/\/queestudiar.gencat.cat\/ca\/preinscripcio\/estudis\/obligatoris\/matricula\/\">web del Departament d\u2019Ensenyament<\/a>.<\/p>\n","protected":false},"excerpt":{"rendered":"<p>Del 26 de juny al 3 de juliol\u00a0s\u2019obre el per\u00edode per formalitzar la\u00a0matr\u00edcula dels alumnes d\u2019educaci\u00f3 infantil i prim\u00e0ria pel curs 2025-26. Cal que consulteu la llista d\u2019admesos del per\u00edode de la preinscripci\u00f3 que trobareu penjada aqu\u00ed i al taulell d\u2019anuncis de l\u2019escola, per saber&hellip;  <a href=\"https:\/\/agora.xtec.cat\/escolalavilapalamos\/general\/informacio-matricula-25-26\/\" title=\"Read INFORMACI\u00d3 MATR\u00cdCULA 25-26\">Llegeix m\u00e9s\u00bb<\/a><\/p>\n","protected":false},"author":1,"featured_media":0,"comment_status":"open","ping_status":"open","sticky":false,"template":"","format":"standard","meta":{"_bbp_topic_count":0,"_bbp_reply_count":0,"_bbp_total_topic_count":0,"_bbp_total_reply_count":0,"_bbp_voice_count":0,"_bbp_anonymous_reply_count":0,"_bbp_topic_count_hidden":0,"_bbp_reply_count_hidden":0,"_bbp_forum_subforum_count":0,"footnotes":""},"categories":[1,4],"tags":[],"class_list":["post-15894","post","type-post","status-publish","format-standard","hentry","category-general","category-portada"],"post_mailing_queue_ids":[],"_links":{"self":[{"href":"https:\/\/agora.xtec.cat\/escolalavilapalamos\/wp-json\/wp\/v2\/posts\/15894","targetHints":{"allow":["GET"]}}],"collection":[{"href":"https:\/\/agora.xtec.cat\/escolalavilapalamos\/wp-json\/wp\/v2\/posts"}],"about":[{"href":"https:\/\/agora.xtec.cat\/escolalavilapalamos\/wp-json\/wp\/v2\/types\/post"}],"author":[{"embeddable":true,"href":"https:\/\/agora.xtec.cat\/escolalavilapalamos\/wp-json\/wp\/v2\/users\/1"}],"replies":[{"embeddable":true,"href":"https:\/\/agora.xtec.cat\/escolalavilapalamos\/wp-json\/wp\/v2\/comments?post=15894"}],"version-history":[{"count":2,"href":"https:\/\/agora.xtec.cat\/escolalavilapalamos\/wp-json\/wp\/v2\/posts\/15894\/revisions"}],"predecessor-version":[{"id":15924,"href":"https:\/\/agora.xtec.cat\/escolalavilapalamos\/wp-json\/wp\/v2\/posts\/15894\/revisions\/15924"}],"wp:attachment":[{"href":"https:\/\/agora.xtec.cat\/escolalavilapalamos\/wp-json\/wp\/v2\/media?parent=15894"}],"wp:term":[{"taxonomy":"category","embeddable":true,"href":"https:\/\/agora.xtec.cat\/escolalavilapalamos\/wp-json\/wp\/v2\/categories?post=15894"},{"taxonomy":"post_tag","embeddable":true,"href":"https:\/\/agora.xtec.cat\/escolalavilapalamos\/wp-json\/wp\/v2\/tags?post=15894"}],"curies":[{"name":"wp","href":"https:\/\/api.w.org\/{rel}","templated":true}]}}