{"id":15881,"date":"2025-07-07T09:25:00","date_gmt":"2025-07-07T07:25:00","guid":{"rendered":"https:\/\/agora.xtec.cat\/escolalavilapalamos\/?p=15881"},"modified":"2025-07-07T09:25:00","modified_gmt":"2025-07-07T07:25:00","slug":"acte-graduacio-6e-de-primaria-promocio-2016-2025","status":"publish","type":"post","link":"https:\/\/agora.xtec.cat\/escolalavilapalamos\/general\/acte-graduacio-6e-de-primaria-promocio-2016-2025\/","title":{"rendered":"Acte graduaci\u00f3 6\u00e8 de prim\u00e0ria promoci\u00f3 2016-2025"},"content":{"rendered":"<p data-start=\"66\" data-end=\"383\"><strong data-start=\"66\" data-end=\"192\">El passat dijous de juny vam celebrar la graduaci\u00f3 de 6\u00e8 de prim\u00e0ria a les 19:30 h, al pavell\u00f3 de l\u2019escola i al pati.<\/strong><br data-start=\"192\" data-end=\"195\" \/>Va ser un moment molt especial per als nostres alumnes i per a tota la comunitat educativa. Una generaci\u00f3 \u00fanica, plena de talent, il\u00b7lusi\u00f3 i records compartits, que portarem sempre al cor.<\/p>\n<p data-start=\"385\" data-end=\"469\">Aqu\u00ed us deixem un recull de moments d\u2019aquesta graduaci\u00f3 tan emotiva i significativa. Us adjuntarem el v\u00eddeo que vam passar als alumnes del seu recorregut a l&#8217;escola i el v\u00eddeo de l&#8217;acte de la graduaci\u00f3. Gr\u00e0cies per cada instant! Fins sempre, nens i nenes de 6\u00e8!<\/p>\n<p data-start=\"385\" data-end=\"469\">CLICA <a href=\"https:\/\/agora.xtec.cat\/escolalavilapalamos\/general\/videos-graduacio-recorregut-alumnes-i-acte\/\">AQU\u00cd<\/a> PER VEURE ELS ENLLA\u00c7OS ALS V\u00cdDEOS DE LA GRADUACI\u00d3.<\/p>\n<p data-start=\"385\" data-end=\"469\"><a href=\"https:\/\/agora.xtec.cat\/escolalavilapalamos\/wp-content\/uploads\/usu897\/2025\/07\/Captura-de-pantalla-2025-07-06-193814.jpg\"><img loading=\"lazy\" decoding=\"async\" class=\"wp-image-15882 alignleft\" src=\"https:\/\/agora.xtec.cat\/escolalavilapalamos\/wp-content\/uploads\/usu897\/2025\/07\/Captura-de-pantalla-2025-07-06-193814.jpg\" alt=\"\" width=\"346\" height=\"243\" srcset=\"https:\/\/agora.xtec.cat\/escolalavilapalamos\/wp-content\/uploads\/usu897\/2025\/07\/Captura-de-pantalla-2025-07-06-193814.jpg 820w, https:\/\/agora.xtec.cat\/escolalavilapalamos\/wp-content\/uploads\/usu897\/2025\/07\/Captura-de-pantalla-2025-07-06-193814-300x211.jpg 300w, https:\/\/agora.xtec.cat\/escolalavilapalamos\/wp-content\/uploads\/usu897\/2025\/07\/Captura-de-pantalla-2025-07-06-193814-768x540.jpg 768w\" sizes=\"auto, (max-width: 346px) 100vw, 346px\" \/><\/a><\/p>\n<p data-start=\"471\" data-end=\"533\">\n","protected":false},"excerpt":{"rendered":"<p>El passat dijous de juny vam celebrar la graduaci\u00f3 de 6\u00e8 de prim\u00e0ria a les 19:30 h, al pavell\u00f3 de l\u2019escola i al pati.Va ser un moment molt especial per als nostres alumnes i per a tota la comunitat educativa. Una generaci\u00f3 \u00fanica, plena de&hellip;  <a href=\"https:\/\/agora.xtec.cat\/escolalavilapalamos\/general\/acte-graduacio-6e-de-primaria-promocio-2016-2025\/\" title=\"Read Acte graduaci\u00f3 6\u00e8 de prim\u00e0ria promoci\u00f3 2016-2025\">Llegeix m\u00e9s\u00bb<\/a><\/p>\n","protected":false},"author":132,"featured_media":0,"comment_status":"closed","ping_status":"closed","sticky":false,"template":"","format":"standard","meta":{"_bbp_topic_count":0,"_bbp_reply_count":0,"_bbp_total_topic_count":0,"_bbp_total_reply_count":0,"_bbp_voice_count":0,"_bbp_anonymous_reply_count":0,"_bbp_topic_count_hidden":0,"_bbp_reply_count_hidden":0,"_bbp_forum_subforum_count":0,"footnotes":""},"categories":[15,1,4],"tags":[],"class_list":["post-15881","post","type-post","status-publish","format-standard","hentry","category-6e","category-general","category-portada"],"post_mailing_queue_ids":[],"_links":{"self":[{"href":"https:\/\/agora.xtec.cat\/escolalavilapalamos\/wp-json\/wp\/v2\/posts\/15881","targetHints":{"allow":["GET"]}}],"collection":[{"href":"https:\/\/agora.xtec.cat\/escolalavilapalamos\/wp-json\/wp\/v2\/posts"}],"about":[{"href":"https:\/\/agora.xtec.cat\/escolalavilapalamos\/wp-json\/wp\/v2\/types\/post"}],"author":[{"embeddable":true,"href":"https:\/\/agora.xtec.cat\/escolalavilapalamos\/wp-json\/wp\/v2\/users\/132"}],"replies":[{"embeddable":true,"href":"https:\/\/agora.xtec.cat\/escolalavilapalamos\/wp-json\/wp\/v2\/comments?post=15881"}],"version-history":[{"count":6,"href":"https:\/\/agora.xtec.cat\/escolalavilapalamos\/wp-json\/wp\/v2\/posts\/15881\/revisions"}],"predecessor-version":[{"id":15893,"href":"https:\/\/agora.xtec.cat\/escolalavilapalamos\/wp-json\/wp\/v2\/posts\/15881\/revisions\/15893"}],"wp:attachment":[{"href":"https:\/\/agora.xtec.cat\/escolalavilapalamos\/wp-json\/wp\/v2\/media?parent=15881"}],"wp:term":[{"taxonomy":"category","embeddable":true,"href":"https:\/\/agora.xtec.cat\/escolalavilapalamos\/wp-json\/wp\/v2\/categories?post=15881"},{"taxonomy":"post_tag","embeddable":true,"href":"https:\/\/agora.xtec.cat\/escolalavilapalamos\/wp-json\/wp\/v2\/tags?post=15881"}],"curies":[{"name":"wp","href":"https:\/\/api.w.org\/{rel}","templated":true}]}}