{"id":15856,"date":"2025-06-16T12:26:10","date_gmt":"2025-06-16T10:26:10","guid":{"rendered":"https:\/\/agora.xtec.cat\/escolalavilapalamos\/?p=15856"},"modified":"2025-06-16T12:26:10","modified_gmt":"2025-06-16T10:26:10","slug":"finalitzada-la-xvi-regata-interescoles-de-palamos","status":"publish","type":"post","link":"https:\/\/agora.xtec.cat\/escolalavilapalamos\/portada\/finalitzada-la-xvi-regata-interescoles-de-palamos\/","title":{"rendered":"Finalitzada la XVI regata interescoles de Palam\u00f3s"},"content":{"rendered":"<p>Aquest passat dissabte 14 de juny es va celebrar a Palam\u00f3s la XVI Regata interescoles organitzada pel Club de Vela Palam\u00f3s amb la col\u00b7laboraci\u00f3 de les escoles del poble. L\u2019alumnat que hi va participar va poder gaudir d\u2019aquesta activitat i es va posar aix\u00ed punt i final un any m\u00e9s al programa de vela escolar que es realitza al municipi.<\/p>\n<p>Podeu veure les fotos accedint<a href=\"https:\/\/agora.xtec.cat\/escolalavilapalamos\/general\/fotos-regata-interescoles-xvi-24-25\/\"> aqu\u00ed.<\/a><\/p>\n<p>&nbsp;<\/p>\n<p><a href=\"https:\/\/agora.xtec.cat\/escolalavilapalamos\/wp-content\/uploads\/usu897\/2025\/06\/IMG_20250614_102625-scaled.jpg\"><img loading=\"lazy\" decoding=\"async\" class=\"aligncenter size-medium wp-image-15875\" src=\"https:\/\/agora.xtec.cat\/escolalavilapalamos\/wp-content\/uploads\/usu897\/2025\/06\/IMG_20250614_102625-225x300.jpg\" alt=\"\" width=\"225\" height=\"300\" srcset=\"https:\/\/agora.xtec.cat\/escolalavilapalamos\/wp-content\/uploads\/usu897\/2025\/06\/IMG_20250614_102625-225x300.jpg 225w, https:\/\/agora.xtec.cat\/escolalavilapalamos\/wp-content\/uploads\/usu897\/2025\/06\/IMG_20250614_102625-768x1024.jpg 768w, https:\/\/agora.xtec.cat\/escolalavilapalamos\/wp-content\/uploads\/usu897\/2025\/06\/IMG_20250614_102625-1152x1536.jpg 1152w, https:\/\/agora.xtec.cat\/escolalavilapalamos\/wp-content\/uploads\/usu897\/2025\/06\/IMG_20250614_102625-1536x2048.jpg 1536w, https:\/\/agora.xtec.cat\/escolalavilapalamos\/wp-content\/uploads\/usu897\/2025\/06\/IMG_20250614_102625-scaled.jpg 1920w\" sizes=\"auto, (max-width: 225px) 100vw, 225px\" \/><\/a><\/p>\n","protected":false},"excerpt":{"rendered":"<p>Aquest passat dissabte 14 de juny es va celebrar a Palam\u00f3s la XVI Regata interescoles organitzada pel Club de Vela Palam\u00f3s amb la col\u00b7laboraci\u00f3 de les escoles del poble. L\u2019alumnat que hi va participar va poder gaudir d\u2019aquesta activitat i es va posar aix\u00ed punt&hellip;  <a href=\"https:\/\/agora.xtec.cat\/escolalavilapalamos\/portada\/finalitzada-la-xvi-regata-interescoles-de-palamos\/\" title=\"Read Finalitzada la XVI regata interescoles de Palam\u00f3s\">Llegeix m\u00e9s\u00bb<\/a><\/p>\n","protected":false},"author":132,"featured_media":0,"comment_status":"open","ping_status":"open","sticky":false,"template":"","format":"standard","meta":{"_bbp_topic_count":0,"_bbp_reply_count":0,"_bbp_total_topic_count":0,"_bbp_total_reply_count":0,"_bbp_voice_count":0,"_bbp_anonymous_reply_count":0,"_bbp_topic_count_hidden":0,"_bbp_reply_count_hidden":0,"_bbp_forum_subforum_count":0,"footnotes":""},"categories":[15,128,70,67,4,5],"tags":[],"class_list":["post-15856","post","type-post","status-publish","format-standard","hentry","category-6e","category-comunitat-de-grans","category-efi","category-especialistes","category-portada","category-primaria"],"post_mailing_queue_ids":[],"_links":{"self":[{"href":"https:\/\/agora.xtec.cat\/escolalavilapalamos\/wp-json\/wp\/v2\/posts\/15856","targetHints":{"allow":["GET"]}}],"collection":[{"href":"https:\/\/agora.xtec.cat\/escolalavilapalamos\/wp-json\/wp\/v2\/posts"}],"about":[{"href":"https:\/\/agora.xtec.cat\/escolalavilapalamos\/wp-json\/wp\/v2\/types\/post"}],"author":[{"embeddable":true,"href":"https:\/\/agora.xtec.cat\/escolalavilapalamos\/wp-json\/wp\/v2\/users\/132"}],"replies":[{"embeddable":true,"href":"https:\/\/agora.xtec.cat\/escolalavilapalamos\/wp-json\/wp\/v2\/comments?post=15856"}],"version-history":[{"count":2,"href":"https:\/\/agora.xtec.cat\/escolalavilapalamos\/wp-json\/wp\/v2\/posts\/15856\/revisions"}],"predecessor-version":[{"id":15876,"href":"https:\/\/agora.xtec.cat\/escolalavilapalamos\/wp-json\/wp\/v2\/posts\/15856\/revisions\/15876"}],"wp:attachment":[{"href":"https:\/\/agora.xtec.cat\/escolalavilapalamos\/wp-json\/wp\/v2\/media?parent=15856"}],"wp:term":[{"taxonomy":"category","embeddable":true,"href":"https:\/\/agora.xtec.cat\/escolalavilapalamos\/wp-json\/wp\/v2\/categories?post=15856"},{"taxonomy":"post_tag","embeddable":true,"href":"https:\/\/agora.xtec.cat\/escolalavilapalamos\/wp-json\/wp\/v2\/tags?post=15856"}],"curies":[{"name":"wp","href":"https:\/\/api.w.org\/{rel}","templated":true}]}}