{"id":15842,"date":"2025-06-12T10:23:40","date_gmt":"2025-06-12T08:23:40","guid":{"rendered":"https:\/\/agora.xtec.cat\/escolalavilapalamos\/?p=15842"},"modified":"2025-06-12T10:23:40","modified_gmt":"2025-06-12T08:23:40","slug":"comiat-de-6e-i-el-pas-a-primaria","status":"publish","type":"post","link":"https:\/\/agora.xtec.cat\/escolalavilapalamos\/infantil\/comiat-de-6e-i-el-pas-a-primaria\/","title":{"rendered":"Comiat de 6\u00e8 i el pas a prim\u00e0ria"},"content":{"rendered":"<p>La setmana vinent celebrem tancaments i nous inicis d&#8217;etapa. Els nois i noies de 6\u00e8 celebraran el comiat de prim\u00e0ria i els infants d&#8217;I5 deixen l&#8217;edifici de petits per passar a prim\u00e0ria. Fam\u00edlies, esperem dijous 19 de juny!<\/p>\n<p><a href=\"https:\/\/agora.xtec.cat\/escolalavilapalamos\/wp-content\/uploads\/usu897\/2025\/06\/xarxes-24-25-i5-FESTA-DEL-PAS-a-PRIMARIA.png\"><img loading=\"lazy\" decoding=\"async\" class=\"wp-image-15844 alignleft\" src=\"https:\/\/agora.xtec.cat\/escolalavilapalamos\/wp-content\/uploads\/usu897\/2025\/06\/xarxes-24-25-i5-FESTA-DEL-PAS-a-PRIMARIA-212x300.png\" alt=\"\" width=\"298\" height=\"421\" srcset=\"https:\/\/agora.xtec.cat\/escolalavilapalamos\/wp-content\/uploads\/usu897\/2025\/06\/xarxes-24-25-i5-FESTA-DEL-PAS-a-PRIMARIA-212x300.png 212w, https:\/\/agora.xtec.cat\/escolalavilapalamos\/wp-content\/uploads\/usu897\/2025\/06\/xarxes-24-25-i5-FESTA-DEL-PAS-a-PRIMARIA-724x1024.png 724w, https:\/\/agora.xtec.cat\/escolalavilapalamos\/wp-content\/uploads\/usu897\/2025\/06\/xarxes-24-25-i5-FESTA-DEL-PAS-a-PRIMARIA-768x1087.png 768w, https:\/\/agora.xtec.cat\/escolalavilapalamos\/wp-content\/uploads\/usu897\/2025\/06\/xarxes-24-25-i5-FESTA-DEL-PAS-a-PRIMARIA.png 800w\" sizes=\"auto, (max-width: 298px) 100vw, 298px\" \/><\/a><a href=\"https:\/\/agora.xtec.cat\/escolalavilapalamos\/wp-content\/uploads\/usu897\/2025\/06\/Cartell-graduacio-6e.png\"><img loading=\"lazy\" decoding=\"async\" class=\"wp-image-15843 alignleft\" src=\"https:\/\/agora.xtec.cat\/escolalavilapalamos\/wp-content\/uploads\/usu897\/2025\/06\/Cartell-graduacio-6e-212x300.png\" alt=\"\" width=\"300\" height=\"425\" srcset=\"https:\/\/agora.xtec.cat\/escolalavilapalamos\/wp-content\/uploads\/usu897\/2025\/06\/Cartell-graduacio-6e-212x300.png 212w, https:\/\/agora.xtec.cat\/escolalavilapalamos\/wp-content\/uploads\/usu897\/2025\/06\/Cartell-graduacio-6e-724x1024.png 724w, https:\/\/agora.xtec.cat\/escolalavilapalamos\/wp-content\/uploads\/usu897\/2025\/06\/Cartell-graduacio-6e-768x1086.png 768w, https:\/\/agora.xtec.cat\/escolalavilapalamos\/wp-content\/uploads\/usu897\/2025\/06\/Cartell-graduacio-6e-1086x1536.png 1086w, https:\/\/agora.xtec.cat\/escolalavilapalamos\/wp-content\/uploads\/usu897\/2025\/06\/Cartell-graduacio-6e-1448x2048.png 1448w, https:\/\/agora.xtec.cat\/escolalavilapalamos\/wp-content\/uploads\/usu897\/2025\/06\/Cartell-graduacio-6e.png 1587w\" sizes=\"auto, (max-width: 300px) 100vw, 300px\" \/><\/a><\/p>\n","protected":false},"excerpt":{"rendered":"<p>La setmana vinent celebrem tancaments i nous inicis d&#8217;etapa. Els nois i noies de 6\u00e8 celebraran el comiat de prim\u00e0ria i els infants d&#8217;I5 deixen l&#8217;edifici de petits per passar a prim\u00e0ria. Fam\u00edlies, esperem dijous 19 de juny!<br \/>\n<a href=\"https:\/\/agora.xtec.cat\/escolalavilapalamos\/wp-content\/uploads\/usu897\/2025\/06\/xarxes-24-25-i5-FESTA-DEL-PAS-a-PRIMARIA.png\"><\/a><a href=\"https:\/\/agora.xtec.cat\/escolalavilapalamos\/wp-content\/uploads\/usu897\/2025\/06\/Cartell-graduacio-6e.png\"><\/a><\/p>\n","protected":false},"author":1,"featured_media":0,"comment_status":"open","ping_status":"open","sticky":false,"template":"","format":"standard","meta":{"_bbp_topic_count":0,"_bbp_reply_count":0,"_bbp_total_topic_count":0,"_bbp_total_reply_count":0,"_bbp_voice_count":0,"_bbp_anonymous_reply_count":0,"_bbp_topic_count_hidden":0,"_bbp_reply_count_hidden":0,"_bbp_forum_subforum_count":0,"footnotes":""},"categories":[128,2,4],"tags":[],"class_list":["post-15842","post","type-post","status-publish","format-standard","hentry","category-comunitat-de-grans","category-infantil","category-portada"],"post_mailing_queue_ids":[],"_links":{"self":[{"href":"https:\/\/agora.xtec.cat\/escolalavilapalamos\/wp-json\/wp\/v2\/posts\/15842","targetHints":{"allow":["GET"]}}],"collection":[{"href":"https:\/\/agora.xtec.cat\/escolalavilapalamos\/wp-json\/wp\/v2\/posts"}],"about":[{"href":"https:\/\/agora.xtec.cat\/escolalavilapalamos\/wp-json\/wp\/v2\/types\/post"}],"author":[{"embeddable":true,"href":"https:\/\/agora.xtec.cat\/escolalavilapalamos\/wp-json\/wp\/v2\/users\/1"}],"replies":[{"embeddable":true,"href":"https:\/\/agora.xtec.cat\/escolalavilapalamos\/wp-json\/wp\/v2\/comments?post=15842"}],"version-history":[{"count":1,"href":"https:\/\/agora.xtec.cat\/escolalavilapalamos\/wp-json\/wp\/v2\/posts\/15842\/revisions"}],"predecessor-version":[{"id":15845,"href":"https:\/\/agora.xtec.cat\/escolalavilapalamos\/wp-json\/wp\/v2\/posts\/15842\/revisions\/15845"}],"wp:attachment":[{"href":"https:\/\/agora.xtec.cat\/escolalavilapalamos\/wp-json\/wp\/v2\/media?parent=15842"}],"wp:term":[{"taxonomy":"category","embeddable":true,"href":"https:\/\/agora.xtec.cat\/escolalavilapalamos\/wp-json\/wp\/v2\/categories?post=15842"},{"taxonomy":"post_tag","embeddable":true,"href":"https:\/\/agora.xtec.cat\/escolalavilapalamos\/wp-json\/wp\/v2\/tags?post=15842"}],"curies":[{"name":"wp","href":"https:\/\/api.w.org\/{rel}","templated":true}]}}