{"id":15834,"date":"2025-06-13T13:24:14","date_gmt":"2025-06-13T11:24:14","guid":{"rendered":"https:\/\/agora.xtec.cat\/escolalavilapalamos\/?p=15834"},"modified":"2025-06-13T13:24:39","modified_gmt":"2025-06-13T11:24:39","slug":"colonies-mas-gircos-4t-i-5e","status":"publish","type":"post","link":"https:\/\/agora.xtec.cat\/escolalavilapalamos\/general\/colonies-mas-gircos-4t-i-5e\/","title":{"rendered":"Col\u00f2nies Mas Girc\u00f3s 4t i 5\u00e8"},"content":{"rendered":"<p>Els passats 27 i 28 de maig, l\u2019alumnat de 4t i 5\u00e8 va gaudir de les tant esperades col\u00f2nies al Mas Girc\u00f3s!<br data-start=\"356\" data-end=\"359\" \/>Van ser dos dies plens d\u2019activitats diverses i emocionants, com curses d\u2019orientaci\u00f3, bosc vertical, jocs cooperatius i discoteca. A m\u00e9s de passar-ho d\u2019all\u00f2 m\u00e9s b\u00e9, van poder conviure, refor\u00e7ar els vincles entre companys i viure noves experi\u00e8ncies en un entorn natural privilegiat.<br data-start=\"639\" data-end=\"642\" \/>Sens dubte, unes col\u00f2nies per recordar!<\/p>\n<p>Podeu veure les fotos clicant <a href=\"https:\/\/agora.xtec.cat\/escolalavilapalamos\/general\/fotos-mas-gircos-4t-i-5e\/\">aqu\u00ed<\/a><\/p>\n<p><a href=\"https:\/\/agora.xtec.cat\/escolalavilapalamos\/wp-content\/uploads\/usu897\/2025\/06\/IMG_9670-2-scaled.jpg\"><img loading=\"lazy\" decoding=\"async\" class=\"aligncenter size-medium wp-image-15853\" src=\"https:\/\/agora.xtec.cat\/escolalavilapalamos\/wp-content\/uploads\/usu897\/2025\/06\/IMG_9670-2-300x225.jpg\" alt=\"\" width=\"300\" height=\"225\" srcset=\"https:\/\/agora.xtec.cat\/escolalavilapalamos\/wp-content\/uploads\/usu897\/2025\/06\/IMG_9670-2-300x225.jpg 300w, https:\/\/agora.xtec.cat\/escolalavilapalamos\/wp-content\/uploads\/usu897\/2025\/06\/IMG_9670-2-1024x768.jpg 1024w, https:\/\/agora.xtec.cat\/escolalavilapalamos\/wp-content\/uploads\/usu897\/2025\/06\/IMG_9670-2-768x576.jpg 768w, https:\/\/agora.xtec.cat\/escolalavilapalamos\/wp-content\/uploads\/usu897\/2025\/06\/IMG_9670-2-1536x1152.jpg 1536w, https:\/\/agora.xtec.cat\/escolalavilapalamos\/wp-content\/uploads\/usu897\/2025\/06\/IMG_9670-2-2048x1536.jpg 2048w, https:\/\/agora.xtec.cat\/escolalavilapalamos\/wp-content\/uploads\/usu897\/2025\/06\/IMG_9670-2-200x150.jpg 200w\" sizes=\"auto, (max-width: 300px) 100vw, 300px\" \/><\/a><\/p>\n","protected":false},"excerpt":{"rendered":"<p>Els passats 27 i 28 de maig, l\u2019alumnat de 4t i 5\u00e8 va gaudir de les tant esperades col\u00f2nies al Mas Girc\u00f3s!Van ser dos dies plens d\u2019activitats diverses i emocionants, com curses d\u2019orientaci\u00f3, bosc vertical, jocs cooperatius i discoteca. A m\u00e9s de passar-ho d\u2019all\u00f2 m\u00e9s&hellip;  <a href=\"https:\/\/agora.xtec.cat\/escolalavilapalamos\/general\/colonies-mas-gircos-4t-i-5e\/\" title=\"Read Col\u00f2nies Mas Girc\u00f3s 4t i 5\u00e8\">Llegeix m\u00e9s\u00bb<\/a><\/p>\n","protected":false},"author":132,"featured_media":0,"comment_status":"open","ping_status":"open","sticky":false,"template":"","format":"standard","meta":{"_bbp_topic_count":0,"_bbp_reply_count":0,"_bbp_total_topic_count":0,"_bbp_total_reply_count":0,"_bbp_voice_count":0,"_bbp_anonymous_reply_count":0,"_bbp_topic_count_hidden":0,"_bbp_reply_count_hidden":0,"_bbp_forum_subforum_count":0,"footnotes":""},"categories":[1,4],"tags":[],"class_list":["post-15834","post","type-post","status-publish","format-standard","hentry","category-general","category-portada"],"post_mailing_queue_ids":[],"_links":{"self":[{"href":"https:\/\/agora.xtec.cat\/escolalavilapalamos\/wp-json\/wp\/v2\/posts\/15834","targetHints":{"allow":["GET"]}}],"collection":[{"href":"https:\/\/agora.xtec.cat\/escolalavilapalamos\/wp-json\/wp\/v2\/posts"}],"about":[{"href":"https:\/\/agora.xtec.cat\/escolalavilapalamos\/wp-json\/wp\/v2\/types\/post"}],"author":[{"embeddable":true,"href":"https:\/\/agora.xtec.cat\/escolalavilapalamos\/wp-json\/wp\/v2\/users\/132"}],"replies":[{"embeddable":true,"href":"https:\/\/agora.xtec.cat\/escolalavilapalamos\/wp-json\/wp\/v2\/comments?post=15834"}],"version-history":[{"count":4,"href":"https:\/\/agora.xtec.cat\/escolalavilapalamos\/wp-json\/wp\/v2\/posts\/15834\/revisions"}],"predecessor-version":[{"id":15855,"href":"https:\/\/agora.xtec.cat\/escolalavilapalamos\/wp-json\/wp\/v2\/posts\/15834\/revisions\/15855"}],"wp:attachment":[{"href":"https:\/\/agora.xtec.cat\/escolalavilapalamos\/wp-json\/wp\/v2\/media?parent=15834"}],"wp:term":[{"taxonomy":"category","embeddable":true,"href":"https:\/\/agora.xtec.cat\/escolalavilapalamos\/wp-json\/wp\/v2\/categories?post=15834"},{"taxonomy":"post_tag","embeddable":true,"href":"https:\/\/agora.xtec.cat\/escolalavilapalamos\/wp-json\/wp\/v2\/tags?post=15834"}],"curies":[{"name":"wp","href":"https:\/\/api.w.org\/{rel}","templated":true}]}}