{"id":15825,"date":"2025-06-12T10:09:30","date_gmt":"2025-06-12T08:09:30","guid":{"rendered":"https:\/\/agora.xtec.cat\/escolalavilapalamos\/?p=15825"},"modified":"2025-06-12T12:40:46","modified_gmt":"2025-06-12T10:40:46","slug":"exposicio-6e-greenmath-i-curtmetratges","status":"publish","type":"post","link":"https:\/\/agora.xtec.cat\/escolalavilapalamos\/general\/exposicio-6e-greenmath-i-curtmetratges\/","title":{"rendered":"Exposici\u00f3 6\u00e8 Greenmath i curtmetratges"},"content":{"rendered":"<p data-start=\"228\" data-end=\"613\">El passat divendres 6 de juny vam celebrar l\u2019exposici\u00f3 final del projecte GreenMath, una proposta educativa coordinada per la Universitat de Girona que ha combinat ci\u00e8ncia, sostenibilitat, matem\u00e0tiques i art d\u2019una manera creativa i participativa. Al llarg de la jornada, l\u2019alumnat va mostrar tot el treball fet durant el curs a trav\u00e9s de diversos espais i diferents activitats.<\/p>\n<p data-start=\"615\" data-end=\"1160\">A l\u2019exposici\u00f3 s\u2019hi podien veure experiments cient\u00edfics, maquetes sostenibles fetes amb materials reutilitzats, i un apartat dedicat al projecte \u201cClean Up\u201d, on s\u2019explicava la tasca de recollida i classificaci\u00f3 de residus realitzada al nostre entorn. Tamb\u00e9 s\u2019hi presentava una explicaci\u00f3 completa del projecte GreenMath, una mostra de curtmetratges elaborats per l\u2019alumnat, un gr\u00e0fic de barres flotant per interpretar les dades recollides i una xarxa de relacions que visualitzava en directe les connexions entre els diferents \u00e0mbits del projecte. Un altre dels punts destacats va ser l\u2019espai dedicat als debats a l\u2019aula, on es va recollir l&#8217;evid\u00e8ncia d&#8217;un joc de rol que vam realitzar a classe on els alumnes debatien sobre dilemes de sostenibilitat i estalvi energ\u00e8tic a l&#8217;escola.<\/p>\n<p data-start=\"1586\" data-end=\"1880\">Tota aquesta feina ha estat pensada, creada i compartida amb moltes ganes, i ha generat una gran resposta per part de les fam\u00edlies, que heu demanat poder tornar a veure alguns dels continguts. \u00c9s per aix\u00f2 que us compartim el v\u00eddeo dels curtmetratges, juntament amb un petit resum de la jornada.<\/p>\n<p data-start=\"1882\" data-end=\"1896\">Podeu veure els v\u00eddeos accedint <a href=\"https:\/\/agora.xtec.cat\/escolalavilapalamos\/general\/videos-jornades-sostenibilitat-i-curtmetratges\/\">aqu\u00ed.<\/a><\/p>\n<p data-start=\"1882\" data-end=\"1896\"><a href=\"https:\/\/agora.xtec.cat\/escolalavilapalamos\/wp-content\/uploads\/usu897\/2025\/06\/5e94c545-fe4b-473d-b8be-604b48d7101b-1.jpg\"><img loading=\"lazy\" decoding=\"async\" class=\"wp-image-15830 alignleft\" src=\"https:\/\/agora.xtec.cat\/escolalavilapalamos\/wp-content\/uploads\/usu897\/2025\/06\/5e94c545-fe4b-473d-b8be-604b48d7101b-1.jpg\" alt=\"\" width=\"391\" height=\"220\" srcset=\"https:\/\/agora.xtec.cat\/escolalavilapalamos\/wp-content\/uploads\/usu897\/2025\/06\/5e94c545-fe4b-473d-b8be-604b48d7101b-1.jpg 1600w, https:\/\/agora.xtec.cat\/escolalavilapalamos\/wp-content\/uploads\/usu897\/2025\/06\/5e94c545-fe4b-473d-b8be-604b48d7101b-1-300x169.jpg 300w, https:\/\/agora.xtec.cat\/escolalavilapalamos\/wp-content\/uploads\/usu897\/2025\/06\/5e94c545-fe4b-473d-b8be-604b48d7101b-1-1024x576.jpg 1024w, https:\/\/agora.xtec.cat\/escolalavilapalamos\/wp-content\/uploads\/usu897\/2025\/06\/5e94c545-fe4b-473d-b8be-604b48d7101b-1-768x432.jpg 768w, https:\/\/agora.xtec.cat\/escolalavilapalamos\/wp-content\/uploads\/usu897\/2025\/06\/5e94c545-fe4b-473d-b8be-604b48d7101b-1-1536x864.jpg 1536w\" sizes=\"auto, (max-width: 391px) 100vw, 391px\" \/><\/a><\/p>\n","protected":false},"excerpt":{"rendered":"<p>El passat divendres 6 de juny vam celebrar l\u2019exposici\u00f3 final del projecte GreenMath, una proposta educativa coordinada per la Universitat de Girona que ha combinat ci\u00e8ncia, sostenibilitat, matem\u00e0tiques i art d\u2019una manera creativa i participativa. Al llarg de la jornada, l\u2019alumnat va mostrar tot el&hellip;  <a href=\"https:\/\/agora.xtec.cat\/escolalavilapalamos\/general\/exposicio-6e-greenmath-i-curtmetratges\/\" title=\"Read Exposici\u00f3 6\u00e8 Greenmath i curtmetratges\">Llegeix m\u00e9s\u00bb<\/a><\/p>\n","protected":false},"author":132,"featured_media":0,"comment_status":"closed","ping_status":"closed","sticky":false,"template":"","format":"standard","meta":{"_bbp_topic_count":0,"_bbp_reply_count":0,"_bbp_total_topic_count":0,"_bbp_total_reply_count":0,"_bbp_voice_count":0,"_bbp_anonymous_reply_count":0,"_bbp_topic_count_hidden":0,"_bbp_reply_count_hidden":0,"_bbp_forum_subforum_count":0,"footnotes":""},"categories":[128,1,4,5],"tags":[],"class_list":["post-15825","post","type-post","status-publish","format-standard","hentry","category-comunitat-de-grans","category-general","category-portada","category-primaria"],"post_mailing_queue_ids":[],"_links":{"self":[{"href":"https:\/\/agora.xtec.cat\/escolalavilapalamos\/wp-json\/wp\/v2\/posts\/15825","targetHints":{"allow":["GET"]}}],"collection":[{"href":"https:\/\/agora.xtec.cat\/escolalavilapalamos\/wp-json\/wp\/v2\/posts"}],"about":[{"href":"https:\/\/agora.xtec.cat\/escolalavilapalamos\/wp-json\/wp\/v2\/types\/post"}],"author":[{"embeddable":true,"href":"https:\/\/agora.xtec.cat\/escolalavilapalamos\/wp-json\/wp\/v2\/users\/132"}],"replies":[{"embeddable":true,"href":"https:\/\/agora.xtec.cat\/escolalavilapalamos\/wp-json\/wp\/v2\/comments?post=15825"}],"version-history":[{"count":3,"href":"https:\/\/agora.xtec.cat\/escolalavilapalamos\/wp-json\/wp\/v2\/posts\/15825\/revisions"}],"predecessor-version":[{"id":15846,"href":"https:\/\/agora.xtec.cat\/escolalavilapalamos\/wp-json\/wp\/v2\/posts\/15825\/revisions\/15846"}],"wp:attachment":[{"href":"https:\/\/agora.xtec.cat\/escolalavilapalamos\/wp-json\/wp\/v2\/media?parent=15825"}],"wp:term":[{"taxonomy":"category","embeddable":true,"href":"https:\/\/agora.xtec.cat\/escolalavilapalamos\/wp-json\/wp\/v2\/categories?post=15825"},{"taxonomy":"post_tag","embeddable":true,"href":"https:\/\/agora.xtec.cat\/escolalavilapalamos\/wp-json\/wp\/v2\/tags?post=15825"}],"curies":[{"name":"wp","href":"https:\/\/api.w.org\/{rel}","templated":true}]}}