{"id":15812,"date":"2025-06-11T09:59:12","date_gmt":"2025-06-11T07:59:12","guid":{"rendered":"https:\/\/agora.xtec.cat\/escolalavilapalamos\/?p=15812"},"modified":"2025-06-11T09:59:12","modified_gmt":"2025-06-11T07:59:12","slug":"ens-escrivim-cartes","status":"publish","type":"post","link":"https:\/\/agora.xtec.cat\/escolalavilapalamos\/general\/ens-escrivim-cartes\/","title":{"rendered":"Ens escrivim cartes"},"content":{"rendered":"<p>Fa unes setmanes a 1r vam comen\u00e7ar a treballar la tipologia textual de la carta. Tot va sorgir, perqu\u00e8 estem preparant una manualitat als alumnes de I5 pel seu pas a prim\u00e0ria. Per aix\u00f2, es van motivar a escriure&#8217;ls una carta, per explicar que estem preparant una sorpresa.<\/p>\n<p>Com estaven tan engrescats, els vam proposar poder escriure una carta a algun mestre\/a de l&#8217;escola. El que m\u00e9s els agrada \u00e9s poder rebre amb molta il\u00b7lusi\u00f3 la seva resposta.<\/p>\n<p>Podeu veure les fotos accedint <a href=\"https:\/\/agora.xtec.cat\/escolalavilapalamos\/general\/fotos-ens-escrivim-cartes\/\">aqu\u00ed<\/a><\/p>\n<p><a href=\"https:\/\/agora.xtec.cat\/escolalavilapalamos\/wp-content\/uploads\/usu897\/2025\/06\/foto-article-bona.jpg\"><img loading=\"lazy\" decoding=\"async\" class=\"alignnone size-medium wp-image-15813\" src=\"https:\/\/agora.xtec.cat\/escolalavilapalamos\/wp-content\/uploads\/usu897\/2025\/06\/foto-article-bona-300x238.jpg\" alt=\"\" width=\"300\" height=\"238\" srcset=\"https:\/\/agora.xtec.cat\/escolalavilapalamos\/wp-content\/uploads\/usu897\/2025\/06\/foto-article-bona-300x238.jpg 300w, https:\/\/agora.xtec.cat\/escolalavilapalamos\/wp-content\/uploads\/usu897\/2025\/06\/foto-article-bona-768x610.jpg 768w, https:\/\/agora.xtec.cat\/escolalavilapalamos\/wp-content\/uploads\/usu897\/2025\/06\/foto-article-bona.jpg 981w\" sizes=\"auto, (max-width: 300px) 100vw, 300px\" \/><\/a><\/p>\n","protected":false},"excerpt":{"rendered":"<p>Fa unes setmanes a 1r vam comen\u00e7ar a treballar la tipologia textual de la carta. Tot va sorgir, perqu\u00e8 estem preparant una manualitat als alumnes de I5 pel seu pas a prim\u00e0ria. Per aix\u00f2, es van motivar a escriure&#8217;ls una carta, per explicar que estem&hellip;  <a href=\"https:\/\/agora.xtec.cat\/escolalavilapalamos\/general\/ens-escrivim-cartes\/\" title=\"Read Ens escrivim cartes\">Llegeix m\u00e9s\u00bb<\/a><\/p>\n","protected":false},"author":131,"featured_media":0,"comment_status":"open","ping_status":"open","sticky":false,"template":"","format":"standard","meta":{"_bbp_topic_count":0,"_bbp_reply_count":0,"_bbp_total_topic_count":0,"_bbp_total_reply_count":0,"_bbp_voice_count":0,"_bbp_anonymous_reply_count":0,"_bbp_topic_count_hidden":0,"_bbp_reply_count_hidden":0,"_bbp_forum_subforum_count":0,"footnotes":""},"categories":[127,1,4],"tags":[],"class_list":["post-15812","post","type-post","status-publish","format-standard","hentry","category-comunitat-de-mitjans","category-general","category-portada"],"post_mailing_queue_ids":[],"_links":{"self":[{"href":"https:\/\/agora.xtec.cat\/escolalavilapalamos\/wp-json\/wp\/v2\/posts\/15812","targetHints":{"allow":["GET"]}}],"collection":[{"href":"https:\/\/agora.xtec.cat\/escolalavilapalamos\/wp-json\/wp\/v2\/posts"}],"about":[{"href":"https:\/\/agora.xtec.cat\/escolalavilapalamos\/wp-json\/wp\/v2\/types\/post"}],"author":[{"embeddable":true,"href":"https:\/\/agora.xtec.cat\/escolalavilapalamos\/wp-json\/wp\/v2\/users\/131"}],"replies":[{"embeddable":true,"href":"https:\/\/agora.xtec.cat\/escolalavilapalamos\/wp-json\/wp\/v2\/comments?post=15812"}],"version-history":[{"count":3,"href":"https:\/\/agora.xtec.cat\/escolalavilapalamos\/wp-json\/wp\/v2\/posts\/15812\/revisions"}],"predecessor-version":[{"id":15822,"href":"https:\/\/agora.xtec.cat\/escolalavilapalamos\/wp-json\/wp\/v2\/posts\/15812\/revisions\/15822"}],"wp:attachment":[{"href":"https:\/\/agora.xtec.cat\/escolalavilapalamos\/wp-json\/wp\/v2\/media?parent=15812"}],"wp:term":[{"taxonomy":"category","embeddable":true,"href":"https:\/\/agora.xtec.cat\/escolalavilapalamos\/wp-json\/wp\/v2\/categories?post=15812"},{"taxonomy":"post_tag","embeddable":true,"href":"https:\/\/agora.xtec.cat\/escolalavilapalamos\/wp-json\/wp\/v2\/tags?post=15812"}],"curies":[{"name":"wp","href":"https:\/\/api.w.org\/{rel}","templated":true}]}}