{"id":15806,"date":"2025-06-11T09:54:18","date_gmt":"2025-06-11T07:54:18","guid":{"rendered":"https:\/\/agora.xtec.cat\/escolalavilapalamos\/?p=15806"},"modified":"2025-06-11T09:54:18","modified_gmt":"2025-06-11T07:54:18","slug":"colonies-infantil-24-25","status":"publish","type":"post","link":"https:\/\/agora.xtec.cat\/escolalavilapalamos\/general\/colonies-infantil-24-25\/","title":{"rendered":"Col\u00f2nies Infantil 24-25"},"content":{"rendered":"<p style=\"text-align: left;\">El passat 2 i 3 de juny, els nens i nenes d\u2019infantil, v\u00e0rem anar de col\u00f2nies a Can Maiol (Sant Andreu Salou).<br \/>\nPer alguns de nosaltres era la primera vegada, i la vam gaudir molt.<br \/>\nEn arribar-hi, el dilluns al mat\u00ed, ja ens estaven esperant els monitors que ens acompanyarien en la nostra estada a la casa.<br \/>\nVam comen\u00e7ar agafant forces esmorzant. Despr\u00e9s d\u2019esmorzar, ens van explicar les normes i el funcionament i per nivells vam anar a desfer maletes i preparar els llits. Per fer temps fins a l\u2019hora de dinar, vam poder jugar als gronxadors i veure els animals de la granja que tenien: conills, aus, gallines, una ovella, ases&#8230;<\/p>\n<p style=\"text-align: left;\">Despr\u00e9s de dinar, vam anar a passejar per l\u2019entorn de la casa, aprofitant per agafar flors i fulles que m\u00e9s tard utilitzar\u00edem per fer el taller de plantes. I aix\u00ed va ser, despr\u00e9s de berenar ens hi v\u00e0rem posar i van sortir unes creacions molt boniques. Despr\u00e9s de jugar una mica, arribava l\u2019hora de sopar.<br \/>\nUn xic cansats i amb la panxa plena, vam anar a buscar les nostres llanternes per fer el joc de nit. Va ser molt divertit buscar els follets entre tots i recollir les pistes per poder trobar la m\u00e0scara que s\u2019havia perdut.<\/p>\n<p style=\"text-align: left;\">L\u2019endem\u00e0 al mat\u00ed, amb l\u2019energia recuperada, vam fer el taller dels titelles, on vam poder deixar anar la nostra imaginaci\u00f3.<br \/>\nUn cop acabat, vam poder tornar a estar amb els animals de la granja, aquesta vegada, per\u00f2, els monitors ens els van deixar tocar i acaronar.<br \/>\nVan ser dos dies molt divertits.<\/p>\n<p style=\"text-align: left;\">Podeu veure les fotos accedint <a href=\"https:\/\/agora.xtec.cat\/escolalavilapalamos\/general\/fotos-colonies-infantil-24-25\/\">aqu\u00ed.<\/a><\/p>\n<p><a href=\"https:\/\/agora.xtec.cat\/escolalavilapalamos\/wp-content\/uploads\/usu897\/2025\/06\/Foto-colonies-2-scaled.jpg\"><img loading=\"lazy\" decoding=\"async\" class=\"aligncenter  wp-image-15819\" src=\"https:\/\/agora.xtec.cat\/escolalavilapalamos\/wp-content\/uploads\/usu897\/2025\/06\/Foto-colonies-2-300x225.jpg\" alt=\"\" width=\"391\" height=\"293\" srcset=\"https:\/\/agora.xtec.cat\/escolalavilapalamos\/wp-content\/uploads\/usu897\/2025\/06\/Foto-colonies-2-300x225.jpg 300w, https:\/\/agora.xtec.cat\/escolalavilapalamos\/wp-content\/uploads\/usu897\/2025\/06\/Foto-colonies-2-1024x768.jpg 1024w, https:\/\/agora.xtec.cat\/escolalavilapalamos\/wp-content\/uploads\/usu897\/2025\/06\/Foto-colonies-2-768x576.jpg 768w, https:\/\/agora.xtec.cat\/escolalavilapalamos\/wp-content\/uploads\/usu897\/2025\/06\/Foto-colonies-2-1536x1152.jpg 1536w, https:\/\/agora.xtec.cat\/escolalavilapalamos\/wp-content\/uploads\/usu897\/2025\/06\/Foto-colonies-2-2048x1536.jpg 2048w, https:\/\/agora.xtec.cat\/escolalavilapalamos\/wp-content\/uploads\/usu897\/2025\/06\/Foto-colonies-2-200x150.jpg 200w\" sizes=\"auto, (max-width: 391px) 100vw, 391px\" \/><\/a><\/p>\n","protected":false},"excerpt":{"rendered":"<p>El passat 2 i 3 de juny, els nens i nenes d\u2019infantil, v\u00e0rem anar de col\u00f2nies a Can Maiol (Sant Andreu Salou).<br \/>\nPer alguns de nosaltres era la primera vegada, i la vam gaudir molt.<br \/>\nEn arribar-hi, el dilluns al mat\u00ed, ja ens estaven esperant els monitors&hellip;  <a href=\"https:\/\/agora.xtec.cat\/escolalavilapalamos\/general\/colonies-infantil-24-25\/\" title=\"Read Col\u00f2nies Infantil 24-25\">Llegeix m\u00e9s\u00bb<\/a><\/p>\n","protected":false},"author":128,"featured_media":0,"comment_status":"open","ping_status":"open","sticky":false,"template":"","format":"standard","meta":{"_bbp_topic_count":0,"_bbp_reply_count":0,"_bbp_total_topic_count":0,"_bbp_total_reply_count":0,"_bbp_voice_count":0,"_bbp_anonymous_reply_count":0,"_bbp_topic_count_hidden":0,"_bbp_reply_count_hidden":0,"_bbp_forum_subforum_count":0,"footnotes":""},"categories":[2,1,4],"tags":[],"class_list":["post-15806","post","type-post","status-publish","format-standard","hentry","category-infantil","category-general","category-portada"],"post_mailing_queue_ids":[],"_links":{"self":[{"href":"https:\/\/agora.xtec.cat\/escolalavilapalamos\/wp-json\/wp\/v2\/posts\/15806","targetHints":{"allow":["GET"]}}],"collection":[{"href":"https:\/\/agora.xtec.cat\/escolalavilapalamos\/wp-json\/wp\/v2\/posts"}],"about":[{"href":"https:\/\/agora.xtec.cat\/escolalavilapalamos\/wp-json\/wp\/v2\/types\/post"}],"author":[{"embeddable":true,"href":"https:\/\/agora.xtec.cat\/escolalavilapalamos\/wp-json\/wp\/v2\/users\/128"}],"replies":[{"embeddable":true,"href":"https:\/\/agora.xtec.cat\/escolalavilapalamos\/wp-json\/wp\/v2\/comments?post=15806"}],"version-history":[{"count":4,"href":"https:\/\/agora.xtec.cat\/escolalavilapalamos\/wp-json\/wp\/v2\/posts\/15806\/revisions"}],"predecessor-version":[{"id":15820,"href":"https:\/\/agora.xtec.cat\/escolalavilapalamos\/wp-json\/wp\/v2\/posts\/15806\/revisions\/15820"}],"wp:attachment":[{"href":"https:\/\/agora.xtec.cat\/escolalavilapalamos\/wp-json\/wp\/v2\/media?parent=15806"}],"wp:term":[{"taxonomy":"category","embeddable":true,"href":"https:\/\/agora.xtec.cat\/escolalavilapalamos\/wp-json\/wp\/v2\/categories?post=15806"},{"taxonomy":"post_tag","embeddable":true,"href":"https:\/\/agora.xtec.cat\/escolalavilapalamos\/wp-json\/wp\/v2\/tags?post=15806"}],"curies":[{"name":"wp","href":"https:\/\/api.w.org\/{rel}","templated":true}]}}