{"id":15797,"date":"2025-06-10T09:26:52","date_gmt":"2025-06-10T07:26:52","guid":{"rendered":"https:\/\/agora.xtec.cat\/escolalavilapalamos\/?p=15797"},"modified":"2025-06-10T09:26:52","modified_gmt":"2025-06-10T07:26:52","slug":"mostra-de-danses-alumnes-de-3r","status":"publish","type":"post","link":"https:\/\/agora.xtec.cat\/escolalavilapalamos\/general\/mostra-de-danses-alumnes-de-3r\/","title":{"rendered":"Mostra de danses alumnes de 3r"},"content":{"rendered":"<p><a href=\"https:\/\/agora.xtec.cat\/escolalavilapalamos\/wp-content\/uploads\/usu897\/2025\/06\/WhatsApp-Image-2025-06-09-at-16.57.02-2-scaled.jpeg\"><img loading=\"lazy\" decoding=\"async\" class=\"aligncenter size-medium wp-image-15804\" src=\"https:\/\/agora.xtec.cat\/escolalavilapalamos\/wp-content\/uploads\/usu897\/2025\/06\/WhatsApp-Image-2025-06-09-at-16.57.02-2-300x225.jpeg\" alt=\"\" width=\"300\" height=\"225\" srcset=\"https:\/\/agora.xtec.cat\/escolalavilapalamos\/wp-content\/uploads\/usu897\/2025\/06\/WhatsApp-Image-2025-06-09-at-16.57.02-2-300x225.jpeg 300w, https:\/\/agora.xtec.cat\/escolalavilapalamos\/wp-content\/uploads\/usu897\/2025\/06\/WhatsApp-Image-2025-06-09-at-16.57.02-2-1024x768.jpeg 1024w, https:\/\/agora.xtec.cat\/escolalavilapalamos\/wp-content\/uploads\/usu897\/2025\/06\/WhatsApp-Image-2025-06-09-at-16.57.02-2-768x576.jpeg 768w, https:\/\/agora.xtec.cat\/escolalavilapalamos\/wp-content\/uploads\/usu897\/2025\/06\/WhatsApp-Image-2025-06-09-at-16.57.02-2-1536x1152.jpeg 1536w, https:\/\/agora.xtec.cat\/escolalavilapalamos\/wp-content\/uploads\/usu897\/2025\/06\/WhatsApp-Image-2025-06-09-at-16.57.02-2-2048x1536.jpeg 2048w, https:\/\/agora.xtec.cat\/escolalavilapalamos\/wp-content\/uploads\/usu897\/2025\/06\/WhatsApp-Image-2025-06-09-at-16.57.02-2-200x150.jpeg 200w\" sizes=\"auto, (max-width: 300px) 100vw, 300px\" \/><\/a><\/p>\n<p>Aquest dilluns 9 de juny tota la comunitat de mitjans hem anat fins al pavell\u00f3 poliesportiu de Palam\u00f3s on ens hem reunit amb els i les alumnes de 1r, 2n i 3r de les diferents escoles de la nostra vila. El motiu d&#8217;aquesta trobada ha sigut la mostra de danses que organitzem les mestres de m\u00fasica de les escoles de Palam\u00f3s. Els cursos de 3r han ofert danses tradicionals catalanes als alumnes de 1r i 2n que han sigut el nostre p\u00fablic! Per finalitzar la trobada hem ballat plegats la can\u00e7\u00f3 &#8220;Mou el cos&#8221;, amb una coreografia que hem apr\u00e8s a les hores de m\u00fasica i que avui hem posat en com\u00fa amb la resta d&#8217;escoles. Ha sigut un mat\u00ed molt bonic on hem ballat i gaudit de la m\u00fasica i de la companyia de tots els i les alumnes de les escoles del poble.<\/p>\n<p>Podeu veure les fotos i v\u00eddeos accedint <a href=\"https:\/\/agora.xtec.cat\/escolalavilapalamos\/general\/fotos-mostra-de-danses-3r\/\">aqu\u00ed<\/a>.<\/p>\n","protected":false},"excerpt":{"rendered":"<p><a href=\"https:\/\/agora.xtec.cat\/escolalavilapalamos\/wp-content\/uploads\/usu897\/2025\/06\/WhatsApp-Image-2025-06-09-at-16.57.02-2-scaled.jpeg\"><\/a><br \/>\nAquest dilluns 9 de juny tota la comunitat de mitjans hem anat fins al pavell\u00f3 poliesportiu de Palam\u00f3s on ens hem reunit amb els i les alumnes de 1r, 2n i 3r de les diferents escoles de la nostra vila. El motiu d&#8217;aquesta trobada&hellip;  <a href=\"https:\/\/agora.xtec.cat\/escolalavilapalamos\/general\/mostra-de-danses-alumnes-de-3r\/\" title=\"Read Mostra de danses alumnes de 3r\">Llegeix m\u00e9s\u00bb<\/a><\/p>\n","protected":false},"author":131,"featured_media":0,"comment_status":"open","ping_status":"open","sticky":false,"template":"","format":"standard","meta":{"_bbp_topic_count":0,"_bbp_reply_count":0,"_bbp_total_topic_count":0,"_bbp_total_reply_count":0,"_bbp_voice_count":0,"_bbp_anonymous_reply_count":0,"_bbp_topic_count_hidden":0,"_bbp_reply_count_hidden":0,"_bbp_forum_subforum_count":0,"footnotes":""},"categories":[127,1,68,4,5],"tags":[],"class_list":["post-15797","post","type-post","status-publish","format-standard","hentry","category-comunitat-de-mitjans","category-general","category-musica","category-portada","category-primaria"],"post_mailing_queue_ids":[],"_links":{"self":[{"href":"https:\/\/agora.xtec.cat\/escolalavilapalamos\/wp-json\/wp\/v2\/posts\/15797","targetHints":{"allow":["GET"]}}],"collection":[{"href":"https:\/\/agora.xtec.cat\/escolalavilapalamos\/wp-json\/wp\/v2\/posts"}],"about":[{"href":"https:\/\/agora.xtec.cat\/escolalavilapalamos\/wp-json\/wp\/v2\/types\/post"}],"author":[{"embeddable":true,"href":"https:\/\/agora.xtec.cat\/escolalavilapalamos\/wp-json\/wp\/v2\/users\/131"}],"replies":[{"embeddable":true,"href":"https:\/\/agora.xtec.cat\/escolalavilapalamos\/wp-json\/wp\/v2\/comments?post=15797"}],"version-history":[{"count":3,"href":"https:\/\/agora.xtec.cat\/escolalavilapalamos\/wp-json\/wp\/v2\/posts\/15797\/revisions"}],"predecessor-version":[{"id":15805,"href":"https:\/\/agora.xtec.cat\/escolalavilapalamos\/wp-json\/wp\/v2\/posts\/15797\/revisions\/15805"}],"wp:attachment":[{"href":"https:\/\/agora.xtec.cat\/escolalavilapalamos\/wp-json\/wp\/v2\/media?parent=15797"}],"wp:term":[{"taxonomy":"category","embeddable":true,"href":"https:\/\/agora.xtec.cat\/escolalavilapalamos\/wp-json\/wp\/v2\/categories?post=15797"},{"taxonomy":"post_tag","embeddable":true,"href":"https:\/\/agora.xtec.cat\/escolalavilapalamos\/wp-json\/wp\/v2\/tags?post=15797"}],"curies":[{"name":"wp","href":"https:\/\/api.w.org\/{rel}","templated":true}]}}