{"id":15785,"date":"2025-06-09T09:02:23","date_gmt":"2025-06-09T07:02:23","guid":{"rendered":"https:\/\/agora.xtec.cat\/escolalavilapalamos\/?p=15785"},"modified":"2025-06-09T09:08:43","modified_gmt":"2025-06-09T07:08:43","slug":"english-3rd-grade-4","status":"publish","type":"post","link":"https:\/\/agora.xtec.cat\/escolalavilapalamos\/general\/english-3rd-grade-4\/","title":{"rendered":"English 3rd Grade"},"content":{"rendered":"<p>Ja acabem el curs. Hem apr\u00e8s molt durant aquests mesos: sabem mantenir un petit di\u00e0leg, presentar-nos, fer descripcions, coneixem els n\u00fameros cardinals i ordinals, podem lletrejar sense equivocar-nos, donar informaci\u00f3 sobre els animals&#8230;i acabem el curs precisament revisant tooooot el que hem apr\u00e8s! Una de les activitats ha estat treballar un animal en concret, buscant informaci\u00f3 als llibres que tenim a l&#8217;aula i seguint la base d&#8217;orientaci\u00f3 que ja ten\u00edem a la llibreta.<\/p>\n<p>Have a good summer!<\/p>\n<p><a href=\"https:\/\/agora.xtec.cat\/escolalavilapalamos\/general\/english-3rd-grade-5\/\">Aqu\u00ed<\/a> podeu veure fotos del proc\u00e9s i del resultat!<\/p>\n<p><a href=\"https:\/\/agora.xtec.cat\/escolalavilapalamos\/wp-content\/uploads\/usu897\/2025\/06\/IMG_8138-1.jpg\"><img loading=\"lazy\" decoding=\"async\" class=\"size-medium wp-image-15786 aligncenter\" src=\"https:\/\/agora.xtec.cat\/escolalavilapalamos\/wp-content\/uploads\/usu897\/2025\/06\/IMG_8138-1-300x225.jpg\" alt=\"\" width=\"300\" height=\"225\" srcset=\"https:\/\/agora.xtec.cat\/escolalavilapalamos\/wp-content\/uploads\/usu897\/2025\/06\/IMG_8138-1-300x225.jpg 300w, https:\/\/agora.xtec.cat\/escolalavilapalamos\/wp-content\/uploads\/usu897\/2025\/06\/IMG_8138-1-200x150.jpg 200w, https:\/\/agora.xtec.cat\/escolalavilapalamos\/wp-content\/uploads\/usu897\/2025\/06\/IMG_8138-1.jpg 640w\" sizes=\"auto, (max-width: 300px) 100vw, 300px\" \/><\/a><\/p>\n","protected":false},"excerpt":{"rendered":"<p>Ja acabem el curs. Hem apr\u00e8s molt durant aquests mesos: sabem mantenir un petit di\u00e0leg, presentar-nos, fer descripcions, coneixem els n\u00fameros cardinals i ordinals, podem lletrejar sense equivocar-nos, donar informaci\u00f3 sobre els animals&#8230;i acabem el curs precisament revisant tooooot el que hem apr\u00e8s! Una de&hellip;  <a href=\"https:\/\/agora.xtec.cat\/escolalavilapalamos\/general\/english-3rd-grade-4\/\" title=\"Read English 3rd Grade\">Llegeix m\u00e9s\u00bb<\/a><\/p>\n","protected":false},"author":131,"featured_media":0,"comment_status":"open","ping_status":"open","sticky":false,"template":"","format":"standard","meta":{"_bbp_topic_count":0,"_bbp_reply_count":0,"_bbp_total_topic_count":0,"_bbp_total_reply_count":0,"_bbp_voice_count":0,"_bbp_anonymous_reply_count":0,"_bbp_topic_count_hidden":0,"_bbp_reply_count_hidden":0,"_bbp_forum_subforum_count":0,"footnotes":""},"categories":[1,4],"tags":[],"class_list":["post-15785","post","type-post","status-publish","format-standard","hentry","category-general","category-portada"],"post_mailing_queue_ids":[],"_links":{"self":[{"href":"https:\/\/agora.xtec.cat\/escolalavilapalamos\/wp-json\/wp\/v2\/posts\/15785","targetHints":{"allow":["GET"]}}],"collection":[{"href":"https:\/\/agora.xtec.cat\/escolalavilapalamos\/wp-json\/wp\/v2\/posts"}],"about":[{"href":"https:\/\/agora.xtec.cat\/escolalavilapalamos\/wp-json\/wp\/v2\/types\/post"}],"author":[{"embeddable":true,"href":"https:\/\/agora.xtec.cat\/escolalavilapalamos\/wp-json\/wp\/v2\/users\/131"}],"replies":[{"embeddable":true,"href":"https:\/\/agora.xtec.cat\/escolalavilapalamos\/wp-json\/wp\/v2\/comments?post=15785"}],"version-history":[{"count":3,"href":"https:\/\/agora.xtec.cat\/escolalavilapalamos\/wp-json\/wp\/v2\/posts\/15785\/revisions"}],"predecessor-version":[{"id":15792,"href":"https:\/\/agora.xtec.cat\/escolalavilapalamos\/wp-json\/wp\/v2\/posts\/15785\/revisions\/15792"}],"wp:attachment":[{"href":"https:\/\/agora.xtec.cat\/escolalavilapalamos\/wp-json\/wp\/v2\/media?parent=15785"}],"wp:term":[{"taxonomy":"category","embeddable":true,"href":"https:\/\/agora.xtec.cat\/escolalavilapalamos\/wp-json\/wp\/v2\/categories?post=15785"},{"taxonomy":"post_tag","embeddable":true,"href":"https:\/\/agora.xtec.cat\/escolalavilapalamos\/wp-json\/wp\/v2\/tags?post=15785"}],"curies":[{"name":"wp","href":"https:\/\/api.w.org\/{rel}","templated":true}]}}