{"id":15776,"date":"2025-06-09T09:04:26","date_gmt":"2025-06-09T07:04:26","guid":{"rendered":"https:\/\/agora.xtec.cat\/escolalavilapalamos\/?p=15776"},"modified":"2025-06-09T09:04:26","modified_gmt":"2025-06-09T07:04:26","slug":"viatge-de-fi-de-curs-6e-diversio-assegurada","status":"publish","type":"post","link":"https:\/\/agora.xtec.cat\/escolalavilapalamos\/general\/viatge-de-fi-de-curs-6e-diversio-assegurada\/","title":{"rendered":"Viatge de fi de curs 6\u00e8: diversi\u00f3 assegurada!"},"content":{"rendered":"<p>Els alumnes de 6\u00e8 hem viscut una experi\u00e8ncia inoblidable en el nostre viatge de final de curs!<\/p>\n<p>Vam passar uns dies plens d\u2019emocions, activitats i molta diversi\u00f3. Ens vam allotjar al c\u00e0mping Torre de la Mora, un lloc espectacular envoltat de natura i molt a prop de la platja. All\u00e0 vam gaudir d\u2019activitats aqu\u00e0tiques com el p\u00e0ddle surf i el bigsup, que ens van encantar! Tamb\u00e9 ens ho vam passar d\u2019all\u00f2 m\u00e9s b\u00e9 a la piscina, refrescant-nos i jugant amb els companys.<\/p>\n<p>I, per descomptat, un dels moments m\u00e9s esperats: la visita a Port Aventura! Vam gaudir de les atraccions, vam riure molt i vam viure aventures que recordarem per sempre.<\/p>\n<p>Ha estat un viatge genial per acomiadar-nos de l\u2019etapa de prim\u00e0ria i carregar-nos de bons records. <strong>Gr\u00e0cies a totes les persones que ho han fet possible!<\/strong><\/p>\n<p>Si vols veure totes les fotos del nostre viatge, clica <a href=\"https:\/\/agora.xtec.cat\/escolalavilapalamos\/general\/fotos-viatge-fi-de-curs\/\">aqu\u00ed<\/a><\/p>\n<p><a href=\"https:\/\/agora.xtec.cat\/escolalavilapalamos\/wp-content\/uploads\/usu897\/2025\/06\/captura-kayak.jpg\"><img loading=\"lazy\" decoding=\"async\" class=\"wp-image-15779 alignleft\" src=\"https:\/\/agora.xtec.cat\/escolalavilapalamos\/wp-content\/uploads\/usu897\/2025\/06\/captura-kayak.jpg\" alt=\"\" width=\"396\" height=\"234\" srcset=\"https:\/\/agora.xtec.cat\/escolalavilapalamos\/wp-content\/uploads\/usu897\/2025\/06\/captura-kayak.jpg 799w, https:\/\/agora.xtec.cat\/escolalavilapalamos\/wp-content\/uploads\/usu897\/2025\/06\/captura-kayak-300x177.jpg 300w, https:\/\/agora.xtec.cat\/escolalavilapalamos\/wp-content\/uploads\/usu897\/2025\/06\/captura-kayak-768x453.jpg 768w\" sizes=\"auto, (max-width: 396px) 100vw, 396px\" \/><\/a><\/p>\n<p>&nbsp;<\/p>\n","protected":false},"excerpt":{"rendered":"<p>Els alumnes de 6\u00e8 hem viscut una experi\u00e8ncia inoblidable en el nostre viatge de final de curs!<br \/>\nVam passar uns dies plens d\u2019emocions, activitats i molta diversi\u00f3. Ens vam allotjar al c\u00e0mping Torre de la Mora, un lloc espectacular envoltat de natura i molt a prop&hellip;  <a href=\"https:\/\/agora.xtec.cat\/escolalavilapalamos\/general\/viatge-de-fi-de-curs-6e-diversio-assegurada\/\" title=\"Read Viatge de fi de curs 6\u00e8: diversi\u00f3 assegurada!\">Llegeix m\u00e9s\u00bb<\/a><\/p>\n","protected":false},"author":132,"featured_media":0,"comment_status":"closed","ping_status":"closed","sticky":false,"template":"","format":"standard","meta":{"_bbp_topic_count":0,"_bbp_reply_count":0,"_bbp_total_topic_count":0,"_bbp_total_reply_count":0,"_bbp_voice_count":0,"_bbp_anonymous_reply_count":0,"_bbp_topic_count_hidden":0,"_bbp_reply_count_hidden":0,"_bbp_forum_subforum_count":0,"footnotes":""},"categories":[128,1,4,5],"tags":[],"class_list":["post-15776","post","type-post","status-publish","format-standard","hentry","category-comunitat-de-grans","category-general","category-portada","category-primaria"],"post_mailing_queue_ids":[],"_links":{"self":[{"href":"https:\/\/agora.xtec.cat\/escolalavilapalamos\/wp-json\/wp\/v2\/posts\/15776","targetHints":{"allow":["GET"]}}],"collection":[{"href":"https:\/\/agora.xtec.cat\/escolalavilapalamos\/wp-json\/wp\/v2\/posts"}],"about":[{"href":"https:\/\/agora.xtec.cat\/escolalavilapalamos\/wp-json\/wp\/v2\/types\/post"}],"author":[{"embeddable":true,"href":"https:\/\/agora.xtec.cat\/escolalavilapalamos\/wp-json\/wp\/v2\/users\/132"}],"replies":[{"embeddable":true,"href":"https:\/\/agora.xtec.cat\/escolalavilapalamos\/wp-json\/wp\/v2\/comments?post=15776"}],"version-history":[{"count":3,"href":"https:\/\/agora.xtec.cat\/escolalavilapalamos\/wp-json\/wp\/v2\/posts\/15776\/revisions"}],"predecessor-version":[{"id":15791,"href":"https:\/\/agora.xtec.cat\/escolalavilapalamos\/wp-json\/wp\/v2\/posts\/15776\/revisions\/15791"}],"wp:attachment":[{"href":"https:\/\/agora.xtec.cat\/escolalavilapalamos\/wp-json\/wp\/v2\/media?parent=15776"}],"wp:term":[{"taxonomy":"category","embeddable":true,"href":"https:\/\/agora.xtec.cat\/escolalavilapalamos\/wp-json\/wp\/v2\/categories?post=15776"},{"taxonomy":"post_tag","embeddable":true,"href":"https:\/\/agora.xtec.cat\/escolalavilapalamos\/wp-json\/wp\/v2\/tags?post=15776"}],"curies":[{"name":"wp","href":"https:\/\/api.w.org\/{rel}","templated":true}]}}