{"id":15717,"date":"2025-05-22T08:39:03","date_gmt":"2025-05-22T06:39:03","guid":{"rendered":"https:\/\/agora.xtec.cat\/escolalavilapalamos\/?p=15717"},"modified":"2025-05-22T08:43:00","modified_gmt":"2025-05-22T06:43:00","slug":"trobada-de-comites-verds-a-sant-antoni-de-calonge","status":"publish","type":"post","link":"https:\/\/agora.xtec.cat\/escolalavilapalamos\/general\/trobada-de-comites-verds-a-sant-antoni-de-calonge\/","title":{"rendered":"TROBADA DE COMIT\u00c8S VERDS A SANT ANTONI DE CALONGE"},"content":{"rendered":"<p><span style=\"font-weight: 400;\">El passat divendres dia 16 de maig, els Vilaverds vam participar en una activitat amb altres escoles verdes del Baix Empord\u00e0 al Palau Firal de Sant Antoni de Calonge, al costat del camp de futbol.<\/span><\/p>\n<p><span style=\"font-weight: 400;\">Un cop all\u00e0, entre totes les escoles, vam representar en un pl\u00e0nol tots els animals observats en el projecte sobre la fauna del nostre entorn. Nosaltres hi vam posar un porc senglar, una merla, una geneta i un tud\u00f3 en el mapa, els animals que hav\u00edem observat amb les c\u00e0meres al bosc.<\/span><\/p>\n<p><span style=\"font-weight: 400;\">Despr\u00e9s d\u2019esmorzar vam fer uns tallers amb nens i nenes d\u2019altres comit\u00e8s. Vam aprendre com s\u00f3n les petjades de diferents animals de les Gavarres, vam jugar a un joc sobre la cadena tr\u00f2fica\u2026\u00a0<\/span><\/p>\n<p><span style=\"font-weight: 400;\">Fins i tot vam poder agafar idees pel curs vinent! <\/span><\/p>\n<p>Podeu veure les fotos accedint\u00a0<span style=\"font-weight: 400;\"><a href=\"https:\/\/agora.xtec.cat\/escolalavilapalamos\/general\/fotos-trobada-de-comites-verds\/\">aqu\u00ed.<\/a><\/span><\/p>\n<p>Vilaverds<\/p>\n<p><a href=\"https:\/\/agora.xtec.cat\/escolalavilapalamos\/wp-content\/uploads\/usu897\/2025\/05\/WhatsApp-Image-2025-05-21-at-16.35.52.jpeg\"><img loading=\"lazy\" decoding=\"async\" class=\"aligncenter size-full wp-image-15719\" src=\"https:\/\/agora.xtec.cat\/escolalavilapalamos\/wp-content\/uploads\/usu897\/2025\/05\/WhatsApp-Image-2025-05-21-at-16.35.52.jpeg\" alt=\"\" width=\"1600\" height=\"1204\" srcset=\"https:\/\/agora.xtec.cat\/escolalavilapalamos\/wp-content\/uploads\/usu897\/2025\/05\/WhatsApp-Image-2025-05-21-at-16.35.52.jpeg 1600w, https:\/\/agora.xtec.cat\/escolalavilapalamos\/wp-content\/uploads\/usu897\/2025\/05\/WhatsApp-Image-2025-05-21-at-16.35.52-300x226.jpeg 300w, https:\/\/agora.xtec.cat\/escolalavilapalamos\/wp-content\/uploads\/usu897\/2025\/05\/WhatsApp-Image-2025-05-21-at-16.35.52-1024x771.jpeg 1024w, https:\/\/agora.xtec.cat\/escolalavilapalamos\/wp-content\/uploads\/usu897\/2025\/05\/WhatsApp-Image-2025-05-21-at-16.35.52-768x578.jpeg 768w, https:\/\/agora.xtec.cat\/escolalavilapalamos\/wp-content\/uploads\/usu897\/2025\/05\/WhatsApp-Image-2025-05-21-at-16.35.52-1536x1156.jpeg 1536w, https:\/\/agora.xtec.cat\/escolalavilapalamos\/wp-content\/uploads\/usu897\/2025\/05\/WhatsApp-Image-2025-05-21-at-16.35.52-200x150.jpeg 200w\" sizes=\"auto, (max-width: 1600px) 100vw, 1600px\" \/><\/a><\/p>\n<p>&nbsp;<\/p>\n<p>&nbsp;<\/p>\n","protected":false},"excerpt":{"rendered":"<p>El passat divendres dia 16 de maig, els Vilaverds vam participar en una activitat amb altres escoles verdes del Baix Empord\u00e0 al Palau Firal de Sant Antoni de Calonge, al costat del camp de futbol.<br \/>\nUn cop all\u00e0, entre totes les escoles, vam representar en un&hellip;  <a href=\"https:\/\/agora.xtec.cat\/escolalavilapalamos\/general\/trobada-de-comites-verds-a-sant-antoni-de-calonge\/\" title=\"Read TROBADA DE COMIT\u00c8S VERDS A SANT ANTONI DE CALONGE\">Llegeix m\u00e9s\u00bb<\/a><\/p>\n","protected":false},"author":132,"featured_media":0,"comment_status":"open","ping_status":"closed","sticky":false,"template":"","format":"standard","meta":{"_bbp_topic_count":0,"_bbp_reply_count":0,"_bbp_total_topic_count":0,"_bbp_total_reply_count":0,"_bbp_voice_count":0,"_bbp_anonymous_reply_count":0,"_bbp_topic_count_hidden":0,"_bbp_reply_count_hidden":0,"_bbp_forum_subforum_count":0,"footnotes":""},"categories":[1,4],"tags":[],"class_list":["post-15717","post","type-post","status-publish","format-standard","hentry","category-general","category-portada"],"post_mailing_queue_ids":[],"_links":{"self":[{"href":"https:\/\/agora.xtec.cat\/escolalavilapalamos\/wp-json\/wp\/v2\/posts\/15717","targetHints":{"allow":["GET"]}}],"collection":[{"href":"https:\/\/agora.xtec.cat\/escolalavilapalamos\/wp-json\/wp\/v2\/posts"}],"about":[{"href":"https:\/\/agora.xtec.cat\/escolalavilapalamos\/wp-json\/wp\/v2\/types\/post"}],"author":[{"embeddable":true,"href":"https:\/\/agora.xtec.cat\/escolalavilapalamos\/wp-json\/wp\/v2\/users\/132"}],"replies":[{"embeddable":true,"href":"https:\/\/agora.xtec.cat\/escolalavilapalamos\/wp-json\/wp\/v2\/comments?post=15717"}],"version-history":[{"count":5,"href":"https:\/\/agora.xtec.cat\/escolalavilapalamos\/wp-json\/wp\/v2\/posts\/15717\/revisions"}],"predecessor-version":[{"id":15726,"href":"https:\/\/agora.xtec.cat\/escolalavilapalamos\/wp-json\/wp\/v2\/posts\/15717\/revisions\/15726"}],"wp:attachment":[{"href":"https:\/\/agora.xtec.cat\/escolalavilapalamos\/wp-json\/wp\/v2\/media?parent=15717"}],"wp:term":[{"taxonomy":"category","embeddable":true,"href":"https:\/\/agora.xtec.cat\/escolalavilapalamos\/wp-json\/wp\/v2\/categories?post=15717"},{"taxonomy":"post_tag","embeddable":true,"href":"https:\/\/agora.xtec.cat\/escolalavilapalamos\/wp-json\/wp\/v2\/tags?post=15717"}],"curies":[{"name":"wp","href":"https:\/\/api.w.org\/{rel}","templated":true}]}}