{"id":15691,"date":"2025-05-22T14:46:27","date_gmt":"2025-05-22T12:46:27","guid":{"rendered":"https:\/\/agora.xtec.cat\/escolalavilapalamos\/?p=15691"},"modified":"2025-05-22T14:46:27","modified_gmt":"2025-05-22T12:46:27","slug":"escalada-a-5e-3","status":"publish","type":"post","link":"https:\/\/agora.xtec.cat\/escolalavilapalamos\/general\/escalada-a-5e-3\/","title":{"rendered":"Escalada a 5\u00e8!"},"content":{"rendered":"<p>Amb col\u00b7laboraci\u00f3 de l&#8217;\u00e0rea d&#8217;esports de l&#8217;ajuntament de Palam\u00f3s, el Roc\u00f2drom 9C i des de l&#8217;\u00e0rea d&#8217;educaci\u00f3 f\u00edsica, s\u2019ha realitzat dues sessions pr\u00e0ctiques d&#8217;escalada. A les instal\u00b7lacions del Roc\u00f2drom 9C vam portar a terme aquesta modalitat esportiva, a trav\u00e9s de jocs i exercicis espec\u00edfics d&#8217;aquesta disciplina. Ha estat una activitat emocionant i molt motivant, on els infants han trobat situacions exigents i d&#8217;autosuperaci\u00f3.<\/p>\n<p>Podeu veure les fotos accedint <a href=\"https:\/\/agora.xtec.cat\/escolalavilapalamos\/?p=15694&amp;preview=true\">aqu\u00ed<\/a>.<\/p>\n<p><a href=\"https:\/\/agora.xtec.cat\/escolalavilapalamos\/wp-content\/uploads\/usu897\/2025\/05\/IMG-20250514-WA0000.jpg\"><img loading=\"lazy\" decoding=\"async\" class=\"aligncenter wp-image-15692\" src=\"https:\/\/agora.xtec.cat\/escolalavilapalamos\/wp-content\/uploads\/usu897\/2025\/05\/IMG-20250514-WA0000.jpg\" alt=\"\" width=\"771\" height=\"579\" srcset=\"https:\/\/agora.xtec.cat\/escolalavilapalamos\/wp-content\/uploads\/usu897\/2025\/05\/IMG-20250514-WA0000.jpg 2048w, https:\/\/agora.xtec.cat\/escolalavilapalamos\/wp-content\/uploads\/usu897\/2025\/05\/IMG-20250514-WA0000-300x225.jpg 300w, https:\/\/agora.xtec.cat\/escolalavilapalamos\/wp-content\/uploads\/usu897\/2025\/05\/IMG-20250514-WA0000-1024x768.jpg 1024w, https:\/\/agora.xtec.cat\/escolalavilapalamos\/wp-content\/uploads\/usu897\/2025\/05\/IMG-20250514-WA0000-768x576.jpg 768w, https:\/\/agora.xtec.cat\/escolalavilapalamos\/wp-content\/uploads\/usu897\/2025\/05\/IMG-20250514-WA0000-1536x1152.jpg 1536w, https:\/\/agora.xtec.cat\/escolalavilapalamos\/wp-content\/uploads\/usu897\/2025\/05\/IMG-20250514-WA0000-200x150.jpg 200w\" sizes=\"auto, (max-width: 771px) 100vw, 771px\" \/><\/a><\/p>\n","protected":false},"excerpt":{"rendered":"<p>Amb col\u00b7laboraci\u00f3 de l&#8217;\u00e0rea d&#8217;esports de l&#8217;ajuntament de Palam\u00f3s, el Roc\u00f2drom 9C i des de l&#8217;\u00e0rea d&#8217;educaci\u00f3 f\u00edsica, s\u2019ha realitzat dues sessions pr\u00e0ctiques d&#8217;escalada. A les instal\u00b7lacions del Roc\u00f2drom 9C vam portar a terme aquesta modalitat esportiva, a trav\u00e9s de jocs i exercicis espec\u00edfics d&#8217;aquesta&hellip;  <a href=\"https:\/\/agora.xtec.cat\/escolalavilapalamos\/general\/escalada-a-5e-3\/\" title=\"Read Escalada a 5\u00e8!\">Llegeix m\u00e9s\u00bb<\/a><\/p>\n","protected":false},"author":132,"featured_media":0,"comment_status":"open","ping_status":"closed","sticky":false,"template":"","format":"standard","meta":{"_bbp_topic_count":0,"_bbp_reply_count":0,"_bbp_total_topic_count":0,"_bbp_total_reply_count":0,"_bbp_voice_count":0,"_bbp_anonymous_reply_count":0,"_bbp_topic_count_hidden":0,"_bbp_reply_count_hidden":0,"_bbp_forum_subforum_count":0,"footnotes":""},"categories":[128,70,67,1,4,5],"tags":[],"class_list":["post-15691","post","type-post","status-publish","format-standard","hentry","category-comunitat-de-grans","category-efi","category-especialistes","category-general","category-portada","category-primaria"],"post_mailing_queue_ids":[],"_links":{"self":[{"href":"https:\/\/agora.xtec.cat\/escolalavilapalamos\/wp-json\/wp\/v2\/posts\/15691","targetHints":{"allow":["GET"]}}],"collection":[{"href":"https:\/\/agora.xtec.cat\/escolalavilapalamos\/wp-json\/wp\/v2\/posts"}],"about":[{"href":"https:\/\/agora.xtec.cat\/escolalavilapalamos\/wp-json\/wp\/v2\/types\/post"}],"author":[{"embeddable":true,"href":"https:\/\/agora.xtec.cat\/escolalavilapalamos\/wp-json\/wp\/v2\/users\/132"}],"replies":[{"embeddable":true,"href":"https:\/\/agora.xtec.cat\/escolalavilapalamos\/wp-json\/wp\/v2\/comments?post=15691"}],"version-history":[{"count":4,"href":"https:\/\/agora.xtec.cat\/escolalavilapalamos\/wp-json\/wp\/v2\/posts\/15691\/revisions"}],"predecessor-version":[{"id":15731,"href":"https:\/\/agora.xtec.cat\/escolalavilapalamos\/wp-json\/wp\/v2\/posts\/15691\/revisions\/15731"}],"wp:attachment":[{"href":"https:\/\/agora.xtec.cat\/escolalavilapalamos\/wp-json\/wp\/v2\/media?parent=15691"}],"wp:term":[{"taxonomy":"category","embeddable":true,"href":"https:\/\/agora.xtec.cat\/escolalavilapalamos\/wp-json\/wp\/v2\/categories?post=15691"},{"taxonomy":"post_tag","embeddable":true,"href":"https:\/\/agora.xtec.cat\/escolalavilapalamos\/wp-json\/wp\/v2\/tags?post=15691"}],"curies":[{"name":"wp","href":"https:\/\/api.w.org\/{rel}","templated":true}]}}