{"id":15672,"date":"2025-05-14T14:30:11","date_gmt":"2025-05-14T12:30:11","guid":{"rendered":"https:\/\/agora.xtec.cat\/escolalavilapalamos\/?p=15672"},"modified":"2025-05-14T10:22:26","modified_gmt":"2025-05-14T08:22:26","slug":"actualitzacio-de-dades-i-confirmacio-de-placa-a-la-vila-25-26","status":"publish","type":"post","link":"https:\/\/agora.xtec.cat\/escolalavilapalamos\/general\/actualitzacio-de-dades-i-confirmacio-de-placa-a-la-vila-25-26\/","title":{"rendered":"Actualitzaci\u00f3 de dades i confirmaci\u00f3 de pla\u00e7a a La Vila 25-26"},"content":{"rendered":"<p><a href=\"https:\/\/agora.xtec.cat\/escolalavilapalamos\/wp-content\/uploads\/usu897\/2025\/05\/20250514100554190_0001-scaled.jpg\"><img loading=\"lazy\" decoding=\"async\" class=\"wp-image-15678  alignright\" src=\"https:\/\/agora.xtec.cat\/escolalavilapalamos\/wp-content\/uploads\/usu897\/2025\/05\/20250514100554190_0001-1024x724.jpg\" alt=\"\" width=\"577\" height=\"408\" srcset=\"https:\/\/agora.xtec.cat\/escolalavilapalamos\/wp-content\/uploads\/usu897\/2025\/05\/20250514100554190_0001-1024x724.jpg 1024w, https:\/\/agora.xtec.cat\/escolalavilapalamos\/wp-content\/uploads\/usu897\/2025\/05\/20250514100554190_0001-300x212.jpg 300w, https:\/\/agora.xtec.cat\/escolalavilapalamos\/wp-content\/uploads\/usu897\/2025\/05\/20250514100554190_0001-768x543.jpg 768w, https:\/\/agora.xtec.cat\/escolalavilapalamos\/wp-content\/uploads\/usu897\/2025\/05\/20250514100554190_0001-1536x1086.jpg 1536w, https:\/\/agora.xtec.cat\/escolalavilapalamos\/wp-content\/uploads\/usu897\/2025\/05\/20250514100554190_0001-2048x1448.jpg 2048w\" sizes=\"auto, (max-width: 577px) 100vw, 577px\" \/><\/a><\/p>\n<p>Els vostres fills\/es porten a casa\u00a0<strong>el full d\u2019actualitzaci\u00f3 de dades i de confirmaci\u00f3 de pla\u00e7a a la nostra escola pel curs 2025-26<\/strong>. Aquest full s\u2019ha de retornar a l\u2019escola\u00a0<strong>abans del dimarts 20 de maig <\/strong>. Cal que reviseu les dades personals, en especial els n\u00fameros de tel\u00e8fon\u00a0 i en cas que hagin canviat els especifiqueu.\u00a0<em>Si les dades no han canviat no cal que les torneu a escriure<\/em>. Assegureu-vos que el full el retorneu signat pel pare, mare o tutor\/a legal. Si afegiu DNI o NIE cal que adjunteu una c\u00f2pia del document.<\/p>\n<p>Tamb\u00e9 cal que ompliu i retorneu:<\/p>\n<ul>\n<li><a href=\"https:\/\/drive.google.com\/file\/d\/1_7H0e2s9D1w86cIynRNIYNbm3-GMn9qE\/view?usp=sharing\">El full d\u2019autoritzaci\u00f3 de paracetamol<\/a><strong>.<\/strong><\/li>\n<li><a href=\"https:\/\/drive.google.com\/file\/d\/1CEGisEsFW_QLX2Oad3sbzN9itOtvW6zM\/view?usp=sharing\">El full d&#8217;autoritzaci\u00f3 de dret d&#8217;imatge i veu<\/a>. (Novetat)<\/li>\n<\/ul>\n<p>M\u00e9s endavant us farem arribar el full de quotes.<\/p>\n<p>Per qualsevol dubte o m\u00e9s informaci\u00f3 podeu trucar als tel\u00e8fons de l\u2019escola 972314344 \u2013 634 76 50 17 o b\u00e9 enviar un mail al\u00a0<a href=\"mailto:b7002569@xtec.cat\">escolalavilapalamos@xtec.cat<\/a><\/p>\n<p>Us podeu descarregar\u00a0la <strong><a href=\"https:\/\/drive.google.com\/file\/d\/18J8_dSKQppX3uGNSSnjgI4VUygCXSQ1L\/view?usp=sharing\">circular informativa<\/a><\/strong> aqu\u00ed.<\/p>\n","protected":false},"excerpt":{"rendered":"<p><a href=\"https:\/\/agora.xtec.cat\/escolalavilapalamos\/wp-content\/uploads\/usu897\/2025\/05\/20250514100554190_0001-scaled.jpg\"><\/a><br \/>\nEls vostres fills\/es porten a casa\u00a0el full d\u2019actualitzaci\u00f3 de dades i de confirmaci\u00f3 de pla\u00e7a a la nostra escola pel curs 2025-26. Aquest full s\u2019ha de retornar a l\u2019escola\u00a0abans del dimarts 20 de maig . Cal que reviseu les dades personals, en especial els&hellip;  <a href=\"https:\/\/agora.xtec.cat\/escolalavilapalamos\/general\/actualitzacio-de-dades-i-confirmacio-de-placa-a-la-vila-25-26\/\" title=\"Read Actualitzaci\u00f3 de dades i confirmaci\u00f3 de pla\u00e7a a La Vila 25-26\">Llegeix m\u00e9s\u00bb<\/a><\/p>\n","protected":false},"author":1,"featured_media":0,"comment_status":"open","ping_status":"closed","sticky":false,"template":"","format":"standard","meta":{"_bbp_topic_count":0,"_bbp_reply_count":0,"_bbp_total_topic_count":0,"_bbp_total_reply_count":0,"_bbp_voice_count":0,"_bbp_anonymous_reply_count":0,"_bbp_topic_count_hidden":0,"_bbp_reply_count_hidden":0,"_bbp_forum_subforum_count":0,"footnotes":""},"categories":[128,127,2,1,4,5],"tags":[],"class_list":["post-15672","post","type-post","status-publish","format-standard","hentry","category-comunitat-de-grans","category-comunitat-de-mitjans","category-infantil","category-general","category-portada","category-primaria"],"post_mailing_queue_ids":[],"_links":{"self":[{"href":"https:\/\/agora.xtec.cat\/escolalavilapalamos\/wp-json\/wp\/v2\/posts\/15672","targetHints":{"allow":["GET"]}}],"collection":[{"href":"https:\/\/agora.xtec.cat\/escolalavilapalamos\/wp-json\/wp\/v2\/posts"}],"about":[{"href":"https:\/\/agora.xtec.cat\/escolalavilapalamos\/wp-json\/wp\/v2\/types\/post"}],"author":[{"embeddable":true,"href":"https:\/\/agora.xtec.cat\/escolalavilapalamos\/wp-json\/wp\/v2\/users\/1"}],"replies":[{"embeddable":true,"href":"https:\/\/agora.xtec.cat\/escolalavilapalamos\/wp-json\/wp\/v2\/comments?post=15672"}],"version-history":[{"count":6,"href":"https:\/\/agora.xtec.cat\/escolalavilapalamos\/wp-json\/wp\/v2\/posts\/15672\/revisions"}],"predecessor-version":[{"id":15687,"href":"https:\/\/agora.xtec.cat\/escolalavilapalamos\/wp-json\/wp\/v2\/posts\/15672\/revisions\/15687"}],"wp:attachment":[{"href":"https:\/\/agora.xtec.cat\/escolalavilapalamos\/wp-json\/wp\/v2\/media?parent=15672"}],"wp:term":[{"taxonomy":"category","embeddable":true,"href":"https:\/\/agora.xtec.cat\/escolalavilapalamos\/wp-json\/wp\/v2\/categories?post=15672"},{"taxonomy":"post_tag","embeddable":true,"href":"https:\/\/agora.xtec.cat\/escolalavilapalamos\/wp-json\/wp\/v2\/tags?post=15672"}],"curies":[{"name":"wp","href":"https:\/\/api.w.org\/{rel}","templated":true}]}}