{"id":15652,"date":"2025-05-08T16:27:09","date_gmt":"2025-05-08T14:27:09","guid":{"rendered":"https:\/\/agora.xtec.cat\/escolalavilapalamos\/?p=15652"},"modified":"2025-05-08T16:27:09","modified_gmt":"2025-05-08T14:27:09","slug":"autoavaluacio-a-i4","status":"publish","type":"post","link":"https:\/\/agora.xtec.cat\/escolalavilapalamos\/general\/autoavaluacio-a-i4\/","title":{"rendered":"AUTOAVALUACI\u00d3 A I4"},"content":{"rendered":"<p>Hola fam\u00edlies!!!<\/p>\n<p>Durant aquest curs hem continuat fent les autoavaluacions que vam iniciar a i3. Cada infant observa i pensa el proc\u00e9s d&#8217;aprenentatge de diferents situacions del dia a dia a l&#8217;aula i ho plasma posant el gomet corresponent al que el nen o la nena considera que ha adquirit. Tamb\u00e9 s&#8217;aprofita per fer una reflexi\u00f3 sobre el seu raonament i establir un di\u00e0leg.<\/p>\n<p>Gaudeixen d&#8217;aquesta activitat i veureu els resultats a final de curs.<\/p>\n<p>Esperem que ho pogueu compartir amb ells!!!<\/p>\n<p>Podeu veure les fotos accedint <a href=\"https:\/\/agora.xtec.cat\/escolalavilapalamos\/general\/fotos-autoavaluacio-i4\/\">aqu\u00ed<\/a><img loading=\"lazy\" decoding=\"async\" class=\"aligncenter size-full wp-image-15653\" src=\"https:\/\/agora.xtec.cat\/escolalavilapalamos\/wp-content\/uploads\/usu897\/2025\/05\/IMG_5182-rotated.jpg\" alt=\"\" width=\"225\" height=\"300\" \/><\/p>\n","protected":false},"excerpt":{"rendered":"<p>Hola fam\u00edlies!!!<br \/>\nDurant aquest curs hem continuat fent les autoavaluacions que vam iniciar a i3. Cada infant observa i pensa el proc\u00e9s d&#8217;aprenentatge de diferents situacions del dia a dia a l&#8217;aula i ho plasma posant el gomet corresponent al que el nen o la nena&hellip;  <a href=\"https:\/\/agora.xtec.cat\/escolalavilapalamos\/general\/autoavaluacio-a-i4\/\" title=\"Read AUTOAVALUACI\u00d3 A I4\">Llegeix m\u00e9s\u00bb<\/a><\/p>\n","protected":false},"author":128,"featured_media":0,"comment_status":"open","ping_status":"closed","sticky":false,"template":"","format":"standard","meta":{"_bbp_topic_count":0,"_bbp_reply_count":0,"_bbp_total_topic_count":0,"_bbp_total_reply_count":0,"_bbp_voice_count":0,"_bbp_anonymous_reply_count":0,"_bbp_topic_count_hidden":0,"_bbp_reply_count_hidden":0,"_bbp_forum_subforum_count":0,"footnotes":""},"categories":[1,4],"tags":[],"class_list":["post-15652","post","type-post","status-publish","format-standard","hentry","category-general","category-portada"],"post_mailing_queue_ids":[],"_links":{"self":[{"href":"https:\/\/agora.xtec.cat\/escolalavilapalamos\/wp-json\/wp\/v2\/posts\/15652","targetHints":{"allow":["GET"]}}],"collection":[{"href":"https:\/\/agora.xtec.cat\/escolalavilapalamos\/wp-json\/wp\/v2\/posts"}],"about":[{"href":"https:\/\/agora.xtec.cat\/escolalavilapalamos\/wp-json\/wp\/v2\/types\/post"}],"author":[{"embeddable":true,"href":"https:\/\/agora.xtec.cat\/escolalavilapalamos\/wp-json\/wp\/v2\/users\/128"}],"replies":[{"embeddable":true,"href":"https:\/\/agora.xtec.cat\/escolalavilapalamos\/wp-json\/wp\/v2\/comments?post=15652"}],"version-history":[{"count":2,"href":"https:\/\/agora.xtec.cat\/escolalavilapalamos\/wp-json\/wp\/v2\/posts\/15652\/revisions"}],"predecessor-version":[{"id":15658,"href":"https:\/\/agora.xtec.cat\/escolalavilapalamos\/wp-json\/wp\/v2\/posts\/15652\/revisions\/15658"}],"wp:attachment":[{"href":"https:\/\/agora.xtec.cat\/escolalavilapalamos\/wp-json\/wp\/v2\/media?parent=15652"}],"wp:term":[{"taxonomy":"category","embeddable":true,"href":"https:\/\/agora.xtec.cat\/escolalavilapalamos\/wp-json\/wp\/v2\/categories?post=15652"},{"taxonomy":"post_tag","embeddable":true,"href":"https:\/\/agora.xtec.cat\/escolalavilapalamos\/wp-json\/wp\/v2\/tags?post=15652"}],"curies":[{"name":"wp","href":"https:\/\/api.w.org\/{rel}","templated":true}]}}