{"id":15615,"date":"2025-05-05T09:47:16","date_gmt":"2025-05-05T07:47:16","guid":{"rendered":"https:\/\/agora.xtec.cat\/escolalavilapalamos\/?p=15615"},"modified":"2025-05-05T09:48:49","modified_gmt":"2025-05-05T07:48:49","slug":"colonies-mitjans-2025","status":"publish","type":"post","link":"https:\/\/agora.xtec.cat\/escolalavilapalamos\/general\/colonies-mitjans-2025\/","title":{"rendered":"Col\u00f2nies mitjans 2025"},"content":{"rendered":"<p>La comunitat de mitjans vam anar de col\u00f2nies a Can Sol\u00e0 (Vilob\u00ed d&#8217;Onyar).<\/p>\n<p>Ens ho vam passar molt b\u00e9!<\/p>\n<p>Tenim molt\u00edssimes fotos d&#8217;aquests dos dies que vam compartir.<\/p>\n<p>Les podeu veure <a href=\"https:\/\/agora.xtec.cat\/escolalavilapalamos\/?p=15625&amp;preview=true\">aqu\u00ed<\/a>.<\/p>\n<p><a href=\"https:\/\/agora.xtec.cat\/escolalavilapalamos\/wp-content\/uploads\/usu897\/2025\/05\/3AB52F8D-3FE3-4C5E-B14F-E69F8966907B.jpg\"><img loading=\"lazy\" decoding=\"async\" class=\"wp-image-15627 aligncenter\" src=\"https:\/\/agora.xtec.cat\/escolalavilapalamos\/wp-content\/uploads\/usu897\/2025\/05\/3AB52F8D-3FE3-4C5E-B14F-E69F8966907B-300x169.jpg\" alt=\"\" width=\"346\" height=\"195\" srcset=\"https:\/\/agora.xtec.cat\/escolalavilapalamos\/wp-content\/uploads\/usu897\/2025\/05\/3AB52F8D-3FE3-4C5E-B14F-E69F8966907B-300x169.jpg 300w, https:\/\/agora.xtec.cat\/escolalavilapalamos\/wp-content\/uploads\/usu897\/2025\/05\/3AB52F8D-3FE3-4C5E-B14F-E69F8966907B-1024x576.jpg 1024w, https:\/\/agora.xtec.cat\/escolalavilapalamos\/wp-content\/uploads\/usu897\/2025\/05\/3AB52F8D-3FE3-4C5E-B14F-E69F8966907B-768x432.jpg 768w, https:\/\/agora.xtec.cat\/escolalavilapalamos\/wp-content\/uploads\/usu897\/2025\/05\/3AB52F8D-3FE3-4C5E-B14F-E69F8966907B-1536x864.jpg 1536w, https:\/\/agora.xtec.cat\/escolalavilapalamos\/wp-content\/uploads\/usu897\/2025\/05\/3AB52F8D-3FE3-4C5E-B14F-E69F8966907B.jpg 1920w\" sizes=\"auto, (max-width: 346px) 100vw, 346px\" \/><\/a><\/p>\n","protected":false},"excerpt":{"rendered":"<p>La comunitat de mitjans vam anar de col\u00f2nies a Can Sol\u00e0 (Vilob\u00ed d&#8217;Onyar).<br \/>\nEns ho vam passar molt b\u00e9!<br \/>\nTenim molt\u00edssimes fotos d&#8217;aquests dos dies que vam compartir.<br \/>\nLes podeu veure <a href=\"https:\/\/agora.xtec.cat\/escolalavilapalamos\/?p=15625&amp;preview=true\">aqu\u00ed<\/a>.<br \/>\n<a href=\"https:\/\/agora.xtec.cat\/escolalavilapalamos\/wp-content\/uploads\/usu897\/2025\/05\/3AB52F8D-3FE3-4C5E-B14F-E69F8966907B.jpg\"><\/a><\/p>\n","protected":false},"author":131,"featured_media":0,"comment_status":"open","ping_status":"closed","sticky":false,"template":"","format":"standard","meta":{"_bbp_topic_count":0,"_bbp_reply_count":0,"_bbp_total_topic_count":0,"_bbp_total_reply_count":0,"_bbp_voice_count":0,"_bbp_anonymous_reply_count":0,"_bbp_topic_count_hidden":0,"_bbp_reply_count_hidden":0,"_bbp_forum_subforum_count":0,"footnotes":""},"categories":[1,4,5],"tags":[],"class_list":["post-15615","post","type-post","status-publish","format-standard","hentry","category-general","category-portada","category-primaria"],"post_mailing_queue_ids":[],"_links":{"self":[{"href":"https:\/\/agora.xtec.cat\/escolalavilapalamos\/wp-json\/wp\/v2\/posts\/15615","targetHints":{"allow":["GET"]}}],"collection":[{"href":"https:\/\/agora.xtec.cat\/escolalavilapalamos\/wp-json\/wp\/v2\/posts"}],"about":[{"href":"https:\/\/agora.xtec.cat\/escolalavilapalamos\/wp-json\/wp\/v2\/types\/post"}],"author":[{"embeddable":true,"href":"https:\/\/agora.xtec.cat\/escolalavilapalamos\/wp-json\/wp\/v2\/users\/131"}],"replies":[{"embeddable":true,"href":"https:\/\/agora.xtec.cat\/escolalavilapalamos\/wp-json\/wp\/v2\/comments?post=15615"}],"version-history":[{"count":5,"href":"https:\/\/agora.xtec.cat\/escolalavilapalamos\/wp-json\/wp\/v2\/posts\/15615\/revisions"}],"predecessor-version":[{"id":15633,"href":"https:\/\/agora.xtec.cat\/escolalavilapalamos\/wp-json\/wp\/v2\/posts\/15615\/revisions\/15633"}],"wp:attachment":[{"href":"https:\/\/agora.xtec.cat\/escolalavilapalamos\/wp-json\/wp\/v2\/media?parent=15615"}],"wp:term":[{"taxonomy":"category","embeddable":true,"href":"https:\/\/agora.xtec.cat\/escolalavilapalamos\/wp-json\/wp\/v2\/categories?post=15615"},{"taxonomy":"post_tag","embeddable":true,"href":"https:\/\/agora.xtec.cat\/escolalavilapalamos\/wp-json\/wp\/v2\/tags?post=15615"}],"curies":[{"name":"wp","href":"https:\/\/api.w.org\/{rel}","templated":true}]}}