{"id":15608,"date":"2025-04-30T10:19:11","date_gmt":"2025-04-30T08:19:11","guid":{"rendered":"https:\/\/agora.xtec.cat\/escolalavilapalamos\/?p=15608"},"modified":"2025-04-30T15:08:27","modified_gmt":"2025-04-30T13:08:27","slug":"sant-jordi-2025","status":"publish","type":"post","link":"https:\/\/agora.xtec.cat\/escolalavilapalamos\/general\/sant-jordi-2025\/","title":{"rendered":"Sant Jordi 2025"},"content":{"rendered":"<p><a href=\"https:\/\/agora.xtec.cat\/escolalavilapalamos\/wp-content\/uploads\/usu897\/2025\/04\/WhatsApp-Image-2025-04-24-at-16.48.39-4.jpeg\"><img loading=\"lazy\" decoding=\"async\" class=\"wp-image-15609 alignleft\" src=\"https:\/\/agora.xtec.cat\/escolalavilapalamos\/wp-content\/uploads\/usu897\/2025\/04\/WhatsApp-Image-2025-04-24-at-16.48.39-4-768x1024.jpeg\" alt=\"\" width=\"261\" height=\"348\" srcset=\"https:\/\/agora.xtec.cat\/escolalavilapalamos\/wp-content\/uploads\/usu897\/2025\/04\/WhatsApp-Image-2025-04-24-at-16.48.39-4-768x1024.jpeg 768w, https:\/\/agora.xtec.cat\/escolalavilapalamos\/wp-content\/uploads\/usu897\/2025\/04\/WhatsApp-Image-2025-04-24-at-16.48.39-4-225x300.jpeg 225w, https:\/\/agora.xtec.cat\/escolalavilapalamos\/wp-content\/uploads\/usu897\/2025\/04\/WhatsApp-Image-2025-04-24-at-16.48.39-4-1152x1536.jpeg 1152w, https:\/\/agora.xtec.cat\/escolalavilapalamos\/wp-content\/uploads\/usu897\/2025\/04\/WhatsApp-Image-2025-04-24-at-16.48.39-4.jpeg 1536w\" sizes=\"auto, (max-width: 261px) 100vw, 261px\" \/><\/a>Aquest any hem pogut tornar a gaudir d&#8217;uns dies ben especials amb l&#8217;arribada de la diada de Sant Jordi. Fam\u00edlies i mestres hem pogut anar a diverses aules a explicar contes, hist\u00f2ries i fins i tot alguna \u00e0via ens ha preparat jocs de paraules ben interessants!<\/p>\n<p>El dimecres 23 vam poder gaudir d&#8217;un espectacle de m\u00e0gia, sortida a les paradetes del poble i tamb\u00e9 de l&#8217;elaboraci\u00f3 d&#8217;un petit clauer per a cadasc\u00fa.<\/p>\n<p>Podeu veure les fotos d&#8217;aquests dies <a href=\"https:\/\/agora.xtec.cat\/escolalavilapalamos\/general\/fotos-sant-jordi-2025\/\">aqu\u00ed.<\/a><\/p>\n","protected":false},"excerpt":{"rendered":"<p><a href=\"https:\/\/agora.xtec.cat\/escolalavilapalamos\/wp-content\/uploads\/usu897\/2025\/04\/WhatsApp-Image-2025-04-24-at-16.48.39-4.jpeg\"><\/a>Aquest any hem pogut tornar a gaudir d&#8217;uns dies ben especials amb l&#8217;arribada de la diada de Sant Jordi. Fam\u00edlies i mestres hem pogut anar a diverses aules a explicar contes, hist\u00f2ries i fins i tot alguna \u00e0via ens ha preparat jocs de paraules&hellip;  <a href=\"https:\/\/agora.xtec.cat\/escolalavilapalamos\/general\/sant-jordi-2025\/\" title=\"Read Sant Jordi 2025\">Llegeix m\u00e9s\u00bb<\/a><\/p>\n","protected":false},"author":1,"featured_media":0,"comment_status":"open","ping_status":"closed","sticky":false,"template":"","format":"standard","meta":{"_bbp_topic_count":0,"_bbp_reply_count":0,"_bbp_total_topic_count":0,"_bbp_total_reply_count":0,"_bbp_voice_count":0,"_bbp_anonymous_reply_count":0,"_bbp_topic_count_hidden":0,"_bbp_reply_count_hidden":0,"_bbp_forum_subforum_count":0,"footnotes":""},"categories":[128,127,2,67,1,4,5],"tags":[],"class_list":["post-15608","post","type-post","status-publish","format-standard","hentry","category-comunitat-de-grans","category-comunitat-de-mitjans","category-infantil","category-especialistes","category-general","category-portada","category-primaria"],"post_mailing_queue_ids":[],"_links":{"self":[{"href":"https:\/\/agora.xtec.cat\/escolalavilapalamos\/wp-json\/wp\/v2\/posts\/15608","targetHints":{"allow":["GET"]}}],"collection":[{"href":"https:\/\/agora.xtec.cat\/escolalavilapalamos\/wp-json\/wp\/v2\/posts"}],"about":[{"href":"https:\/\/agora.xtec.cat\/escolalavilapalamos\/wp-json\/wp\/v2\/types\/post"}],"author":[{"embeddable":true,"href":"https:\/\/agora.xtec.cat\/escolalavilapalamos\/wp-json\/wp\/v2\/users\/1"}],"replies":[{"embeddable":true,"href":"https:\/\/agora.xtec.cat\/escolalavilapalamos\/wp-json\/wp\/v2\/comments?post=15608"}],"version-history":[{"count":6,"href":"https:\/\/agora.xtec.cat\/escolalavilapalamos\/wp-json\/wp\/v2\/posts\/15608\/revisions"}],"predecessor-version":[{"id":15616,"href":"https:\/\/agora.xtec.cat\/escolalavilapalamos\/wp-json\/wp\/v2\/posts\/15608\/revisions\/15616"}],"wp:attachment":[{"href":"https:\/\/agora.xtec.cat\/escolalavilapalamos\/wp-json\/wp\/v2\/media?parent=15608"}],"wp:term":[{"taxonomy":"category","embeddable":true,"href":"https:\/\/agora.xtec.cat\/escolalavilapalamos\/wp-json\/wp\/v2\/categories?post=15608"},{"taxonomy":"post_tag","embeddable":true,"href":"https:\/\/agora.xtec.cat\/escolalavilapalamos\/wp-json\/wp\/v2\/tags?post=15608"}],"curies":[{"name":"wp","href":"https:\/\/api.w.org\/{rel}","templated":true}]}}