{"id":15599,"date":"2025-04-29T14:39:55","date_gmt":"2025-04-29T12:39:55","guid":{"rendered":"https:\/\/agora.xtec.cat\/escolalavilapalamos\/?p=15599"},"modified":"2025-04-29T14:39:55","modified_gmt":"2025-04-29T12:39:55","slug":"sortida-la-fageda-i3-4-5","status":"publish","type":"post","link":"https:\/\/agora.xtec.cat\/escolalavilapalamos\/general\/sortida-la-fageda-i3-4-5\/","title":{"rendered":"SORTIDA LA FAGEDA I3-4-5"},"content":{"rendered":"<p class=\"\" data-start=\"138\" data-end=\"379\">Els nens i nenes d\u2019I3, I4 i I5 de la comunitat de petits han viscut una jornada molt especial a la natura! Aquesta setmana han anat d\u2019excursi\u00f3 a la Fageda d\u2019en Jord\u00e0, on han pogut descobrir la m\u00e0gia d\u2019aquest indret emblem\u00e0tic de la Garrotxa.<\/p>\n<p class=\"\" data-start=\"381\" data-end=\"617\">L\u2019activitat central de la sortida ha estat una encantadora volta amb carro tirat per cavalls. Durant el recorregut, van escoltar amb molta atenci\u00f3 el conte del follet m\u00e0gic, una hist\u00f2ria plena de fantasia que va captivar grans i petits.<\/p>\n<p class=\"\" data-start=\"619\" data-end=\"912\">Despr\u00e9s d\u2019aquesta experi\u00e8ncia tan emocionant, tots plegats van dinar a l\u2019aire lliure i van gaudir d\u2019una estona de joc compartit envoltats de natura. Ha estat una sortida molt enriquidora que ha perm\u00e8s als infants connectar amb l\u2019entorn, compartir viv\u00e8ncies i continuar aprenent fora de l\u2019aula.<\/p>\n<p class=\"\" data-start=\"914\" data-end=\"976\">Una jornada inoblidable que segur que recordaran amb il\u00b7lusi\u00f3!<\/p>\n<p data-start=\"914\" data-end=\"976\">Podeu veure les fotos accedint <a href=\"https:\/\/agora.xtec.cat\/escolalavilapalamos\/general\/fotos-fageda\/\">aqu\u00ed<\/a><\/p>\n<p data-start=\"914\" data-end=\"976\"><img loading=\"lazy\" decoding=\"async\" class=\"aligncenter size-medium wp-image-15600\" src=\"https:\/\/agora.xtec.cat\/escolalavilapalamos\/wp-content\/uploads\/usu897\/2025\/04\/IMG_2407-239x300.jpeg\" alt=\"\" width=\"239\" height=\"300\" srcset=\"https:\/\/agora.xtec.cat\/escolalavilapalamos\/wp-content\/uploads\/usu897\/2025\/04\/IMG_2407-239x300.jpeg 239w, https:\/\/agora.xtec.cat\/escolalavilapalamos\/wp-content\/uploads\/usu897\/2025\/04\/IMG_2407-815x1024.jpeg 815w, https:\/\/agora.xtec.cat\/escolalavilapalamos\/wp-content\/uploads\/usu897\/2025\/04\/IMG_2407-768x966.jpeg 768w, https:\/\/agora.xtec.cat\/escolalavilapalamos\/wp-content\/uploads\/usu897\/2025\/04\/IMG_2407-1222x1536.jpeg 1222w, https:\/\/agora.xtec.cat\/escolalavilapalamos\/wp-content\/uploads\/usu897\/2025\/04\/IMG_2407.jpeg 1357w\" sizes=\"auto, (max-width: 239px) 100vw, 239px\" \/><\/p>\n","protected":false},"excerpt":{"rendered":"<p>Els nens i nenes d\u2019I3, I4 i I5 de la comunitat de petits han viscut una jornada molt especial a la natura! Aquesta setmana han anat d\u2019excursi\u00f3 a la Fageda d\u2019en Jord\u00e0, on han pogut descobrir la m\u00e0gia d\u2019aquest indret emblem\u00e0tic de la Garrotxa.<br \/>\nL\u2019activitat central&hellip;  <a href=\"https:\/\/agora.xtec.cat\/escolalavilapalamos\/general\/sortida-la-fageda-i3-4-5\/\" title=\"Read SORTIDA LA FAGEDA I3-4-5\">Llegeix m\u00e9s\u00bb<\/a><\/p>\n","protected":false},"author":128,"featured_media":0,"comment_status":"open","ping_status":"closed","sticky":false,"template":"","format":"standard","meta":{"_bbp_topic_count":0,"_bbp_reply_count":0,"_bbp_total_topic_count":0,"_bbp_total_reply_count":0,"_bbp_voice_count":0,"_bbp_anonymous_reply_count":0,"_bbp_topic_count_hidden":0,"_bbp_reply_count_hidden":0,"_bbp_forum_subforum_count":0,"footnotes":""},"categories":[2,1,4],"tags":[],"class_list":["post-15599","post","type-post","status-publish","format-standard","hentry","category-infantil","category-general","category-portada"],"post_mailing_queue_ids":[],"_links":{"self":[{"href":"https:\/\/agora.xtec.cat\/escolalavilapalamos\/wp-json\/wp\/v2\/posts\/15599","targetHints":{"allow":["GET"]}}],"collection":[{"href":"https:\/\/agora.xtec.cat\/escolalavilapalamos\/wp-json\/wp\/v2\/posts"}],"about":[{"href":"https:\/\/agora.xtec.cat\/escolalavilapalamos\/wp-json\/wp\/v2\/types\/post"}],"author":[{"embeddable":true,"href":"https:\/\/agora.xtec.cat\/escolalavilapalamos\/wp-json\/wp\/v2\/users\/128"}],"replies":[{"embeddable":true,"href":"https:\/\/agora.xtec.cat\/escolalavilapalamos\/wp-json\/wp\/v2\/comments?post=15599"}],"version-history":[{"count":2,"href":"https:\/\/agora.xtec.cat\/escolalavilapalamos\/wp-json\/wp\/v2\/posts\/15599\/revisions"}],"predecessor-version":[{"id":15604,"href":"https:\/\/agora.xtec.cat\/escolalavilapalamos\/wp-json\/wp\/v2\/posts\/15599\/revisions\/15604"}],"wp:attachment":[{"href":"https:\/\/agora.xtec.cat\/escolalavilapalamos\/wp-json\/wp\/v2\/media?parent=15599"}],"wp:term":[{"taxonomy":"category","embeddable":true,"href":"https:\/\/agora.xtec.cat\/escolalavilapalamos\/wp-json\/wp\/v2\/categories?post=15599"},{"taxonomy":"post_tag","embeddable":true,"href":"https:\/\/agora.xtec.cat\/escolalavilapalamos\/wp-json\/wp\/v2\/tags?post=15599"}],"curies":[{"name":"wp","href":"https:\/\/api.w.org\/{rel}","templated":true}]}}