{"id":15583,"date":"2025-04-23T16:36:38","date_gmt":"2025-04-23T14:36:38","guid":{"rendered":"https:\/\/agora.xtec.cat\/escolalavilapalamos\/?p=15583"},"modified":"2025-04-23T16:36:38","modified_gmt":"2025-04-23T14:36:38","slug":"sortida-al-cosmocaixa-6e-2","status":"publish","type":"post","link":"https:\/\/agora.xtec.cat\/escolalavilapalamos\/general\/sortida-al-cosmocaixa-6e-2\/","title":{"rendered":"Sortida al CosmoCaixa 6\u00e8"},"content":{"rendered":"<p class=\"\" data-start=\"152\" data-end=\"367\">El passat dimarts 22 d&#8217;abril vam fer la sortida al CosmoCaixa a Barcelona. Va ser una experi\u00e8ncia plena de descobertes i aprenentatges que ens va permetre viure la ci\u00e8ncia de manera directa i emocionant.<\/p>\n<p class=\"\" data-start=\"369\" data-end=\"555\">Vam comen\u00e7ar explorant les exposicions del museu, com el Bosc Inundat i els espais interactius, on vam poder experimentar amb diferents fen\u00f2mens cient\u00edfics de forma pr\u00e0ctica i divertida.<\/p>\n<p class=\"\" data-start=\"557\" data-end=\"855\">Tamb\u00e9 vam fer dos tallers molt interessants. Al d\u2019<strong data-start=\"607\" data-end=\"618\">energia<\/strong>, vam entendre com es transforma i per qu\u00e8 \u00e9s tan important fer-ne un \u00fas sostenible. I al taller de <strong data-start=\"718\" data-end=\"746\">&#8220;Menjar i no ser menjat&#8221;<\/strong>, vam aprendre com funciona la cadena aliment\u00e0ria i quines estrat\u00e8gies fan servir els animals per sobreviure.<\/p>\n<p class=\"\" data-start=\"857\" data-end=\"1050\">Va ser una jornada molt completa i significativa, que es connecta amb els nostres projectes de l&#8217;\u00e0rea de Treball Globalitzat. Tornem amb nous coneixements, idees i molta curiositat per seguir investigant.<\/p>\n<p data-start=\"857\" data-end=\"1050\">Podeu veure les fotos accedint <a href=\"https:\/\/agora.xtec.cat\/escolalavilapalamos\/general\/fotos-cosmocaixa\/\">aqu\u00ed.<\/a><\/p>\n<p><a href=\"https:\/\/agora.xtec.cat\/escolalavilapalamos\/wp-content\/uploads\/usu897\/2025\/04\/Foto-web.jpg\"><img loading=\"lazy\" decoding=\"async\" class=\"wp-image-15585 alignleft\" src=\"https:\/\/agora.xtec.cat\/escolalavilapalamos\/wp-content\/uploads\/usu897\/2025\/04\/Foto-web.jpg\" alt=\"\" width=\"352\" height=\"205\" srcset=\"https:\/\/agora.xtec.cat\/escolalavilapalamos\/wp-content\/uploads\/usu897\/2025\/04\/Foto-web.jpg 775w, https:\/\/agora.xtec.cat\/escolalavilapalamos\/wp-content\/uploads\/usu897\/2025\/04\/Foto-web-300x175.jpg 300w, https:\/\/agora.xtec.cat\/escolalavilapalamos\/wp-content\/uploads\/usu897\/2025\/04\/Foto-web-768x447.jpg 768w\" sizes=\"auto, (max-width: 352px) 100vw, 352px\" \/><\/a><\/p>\n","protected":false},"excerpt":{"rendered":"<p>El passat dimarts 22 d&#8217;abril vam fer la sortida al CosmoCaixa a Barcelona. Va ser una experi\u00e8ncia plena de descobertes i aprenentatges que ens va permetre viure la ci\u00e8ncia de manera directa i emocionant.<br \/>\nVam comen\u00e7ar explorant les exposicions del museu, com el Bosc Inundat i&hellip;  <a href=\"https:\/\/agora.xtec.cat\/escolalavilapalamos\/general\/sortida-al-cosmocaixa-6e-2\/\" title=\"Read Sortida al CosmoCaixa 6\u00e8\">Llegeix m\u00e9s\u00bb<\/a><\/p>\n","protected":false},"author":132,"featured_media":0,"comment_status":"closed","ping_status":"closed","sticky":false,"template":"","format":"standard","meta":{"_bbp_topic_count":0,"_bbp_reply_count":0,"_bbp_total_topic_count":0,"_bbp_total_reply_count":0,"_bbp_voice_count":0,"_bbp_anonymous_reply_count":0,"_bbp_topic_count_hidden":0,"_bbp_reply_count_hidden":0,"_bbp_forum_subforum_count":0,"footnotes":""},"categories":[128,1,4,5],"tags":[],"class_list":["post-15583","post","type-post","status-publish","format-standard","hentry","category-comunitat-de-grans","category-general","category-portada","category-primaria"],"post_mailing_queue_ids":[],"_links":{"self":[{"href":"https:\/\/agora.xtec.cat\/escolalavilapalamos\/wp-json\/wp\/v2\/posts\/15583","targetHints":{"allow":["GET"]}}],"collection":[{"href":"https:\/\/agora.xtec.cat\/escolalavilapalamos\/wp-json\/wp\/v2\/posts"}],"about":[{"href":"https:\/\/agora.xtec.cat\/escolalavilapalamos\/wp-json\/wp\/v2\/types\/post"}],"author":[{"embeddable":true,"href":"https:\/\/agora.xtec.cat\/escolalavilapalamos\/wp-json\/wp\/v2\/users\/132"}],"replies":[{"embeddable":true,"href":"https:\/\/agora.xtec.cat\/escolalavilapalamos\/wp-json\/wp\/v2\/comments?post=15583"}],"version-history":[{"count":2,"href":"https:\/\/agora.xtec.cat\/escolalavilapalamos\/wp-json\/wp\/v2\/posts\/15583\/revisions"}],"predecessor-version":[{"id":15590,"href":"https:\/\/agora.xtec.cat\/escolalavilapalamos\/wp-json\/wp\/v2\/posts\/15583\/revisions\/15590"}],"wp:attachment":[{"href":"https:\/\/agora.xtec.cat\/escolalavilapalamos\/wp-json\/wp\/v2\/media?parent=15583"}],"wp:term":[{"taxonomy":"category","embeddable":true,"href":"https:\/\/agora.xtec.cat\/escolalavilapalamos\/wp-json\/wp\/v2\/categories?post=15583"},{"taxonomy":"post_tag","embeddable":true,"href":"https:\/\/agora.xtec.cat\/escolalavilapalamos\/wp-json\/wp\/v2\/tags?post=15583"}],"curies":[{"name":"wp","href":"https:\/\/api.w.org\/{rel}","templated":true}]}}