{"id":15574,"date":"2025-04-11T17:04:26","date_gmt":"2025-04-11T15:04:26","guid":{"rendered":"https:\/\/agora.xtec.cat\/escolalavilapalamos\/?p=15574"},"modified":"2025-04-11T17:04:26","modified_gmt":"2025-04-11T15:04:26","slug":"2n-les-plantes","status":"publish","type":"post","link":"https:\/\/agora.xtec.cat\/escolalavilapalamos\/general\/2n-les-plantes\/","title":{"rendered":"2n Les Plantes"},"content":{"rendered":"<p data-pm-slice=\"1 1 []\">Els alumnes de 2n hem acabat el projecte de les plantes.<br \/>\nDurant les \u00faltimes setmanes hem apr\u00e8s sobre les diferents parts de les plantes i les funcions espec\u00edfiques d&#8217;aquestes, qu\u00e8 necessiten per viure i com \u00e9s el seu cicle de vida. Tamb\u00e9 hem apr\u00e8s que les podem classificar de diferents maneres.<\/p>\n<p>Per posar en pr\u00e0ctica tot el que hem apr\u00e8s vam fer una visita a un hort on vam poder veure plantes de tota mena: des de les m\u00e9s petites fins a les m\u00e9s grans. Vam observar com creixen les hortalisses i vam aprendre sobre els processos de cultiu i la import\u00e0ncia de tenir cura de les plantes.<\/p>\n<p>A m\u00e9s, com a part del nostre projecte, estem creant el nostre propi hort a l\u2019escola. Hem preparat els terrenys, hem sembrat llavors i estem cuidant les plantes.<\/p>\n<p>Esperem que ben aviat puguem veure els resultats del nostre treball i gaudir de les nostres pr\u00f2pies hortalisses!<\/p>\n<p>Tot aquest treball ens ha ajudat a comprendre millor el m\u00f3n de les plantes i la seva import\u00e0ncia per al nostre planeta.<\/p>\n<p>Estem molt emocionats de continuar aprenent i cuidant les plantes de l\u2019escola.<\/p>\n<p>Podeu veure les fotos accedint <a href=\"https:\/\/photos.app.goo.gl\/oX5KMY4wTvcDdmxWA\">aqu\u00ed<\/a><\/p>\n<p><a href=\"https:\/\/agora.xtec.cat\/escolalavilapalamos\/wp-content\/uploads\/usu897\/2025\/04\/Portada-scaled.jpg\"><img loading=\"lazy\" decoding=\"async\" class=\"size-medium wp-image-15576 aligncenter\" src=\"https:\/\/agora.xtec.cat\/escolalavilapalamos\/wp-content\/uploads\/usu897\/2025\/04\/Portada-225x300.jpg\" alt=\"\" width=\"225\" height=\"300\" srcset=\"https:\/\/agora.xtec.cat\/escolalavilapalamos\/wp-content\/uploads\/usu897\/2025\/04\/Portada-225x300.jpg 225w, https:\/\/agora.xtec.cat\/escolalavilapalamos\/wp-content\/uploads\/usu897\/2025\/04\/Portada-768x1024.jpg 768w, https:\/\/agora.xtec.cat\/escolalavilapalamos\/wp-content\/uploads\/usu897\/2025\/04\/Portada-1152x1536.jpg 1152w, https:\/\/agora.xtec.cat\/escolalavilapalamos\/wp-content\/uploads\/usu897\/2025\/04\/Portada-1536x2048.jpg 1536w, https:\/\/agora.xtec.cat\/escolalavilapalamos\/wp-content\/uploads\/usu897\/2025\/04\/Portada-scaled.jpg 1920w\" sizes=\"auto, (max-width: 225px) 100vw, 225px\" \/><\/a><\/p>\n","protected":false},"excerpt":{"rendered":"<p>Els alumnes de 2n hem acabat el projecte de les plantes.<br \/>\nDurant les \u00faltimes setmanes hem apr\u00e8s sobre les diferents parts de les plantes i les funcions espec\u00edfiques d&#8217;aquestes, qu\u00e8 necessiten per viure i com \u00e9s el seu cicle de vida. Tamb\u00e9 hem apr\u00e8s que les&hellip;  <a href=\"https:\/\/agora.xtec.cat\/escolalavilapalamos\/general\/2n-les-plantes\/\" title=\"Read 2n Les Plantes\">Llegeix m\u00e9s\u00bb<\/a><\/p>\n","protected":false},"author":131,"featured_media":0,"comment_status":"open","ping_status":"closed","sticky":false,"template":"","format":"standard","meta":{"_bbp_topic_count":0,"_bbp_reply_count":0,"_bbp_total_topic_count":0,"_bbp_total_reply_count":0,"_bbp_voice_count":0,"_bbp_anonymous_reply_count":0,"_bbp_topic_count_hidden":0,"_bbp_reply_count_hidden":0,"_bbp_forum_subforum_count":0,"footnotes":""},"categories":[127,1,4],"tags":[],"class_list":["post-15574","post","type-post","status-publish","format-standard","hentry","category-comunitat-de-mitjans","category-general","category-portada"],"post_mailing_queue_ids":[],"_links":{"self":[{"href":"https:\/\/agora.xtec.cat\/escolalavilapalamos\/wp-json\/wp\/v2\/posts\/15574","targetHints":{"allow":["GET"]}}],"collection":[{"href":"https:\/\/agora.xtec.cat\/escolalavilapalamos\/wp-json\/wp\/v2\/posts"}],"about":[{"href":"https:\/\/agora.xtec.cat\/escolalavilapalamos\/wp-json\/wp\/v2\/types\/post"}],"author":[{"embeddable":true,"href":"https:\/\/agora.xtec.cat\/escolalavilapalamos\/wp-json\/wp\/v2\/users\/131"}],"replies":[{"embeddable":true,"href":"https:\/\/agora.xtec.cat\/escolalavilapalamos\/wp-json\/wp\/v2\/comments?post=15574"}],"version-history":[{"count":4,"href":"https:\/\/agora.xtec.cat\/escolalavilapalamos\/wp-json\/wp\/v2\/posts\/15574\/revisions"}],"predecessor-version":[{"id":15582,"href":"https:\/\/agora.xtec.cat\/escolalavilapalamos\/wp-json\/wp\/v2\/posts\/15574\/revisions\/15582"}],"wp:attachment":[{"href":"https:\/\/agora.xtec.cat\/escolalavilapalamos\/wp-json\/wp\/v2\/media?parent=15574"}],"wp:term":[{"taxonomy":"category","embeddable":true,"href":"https:\/\/agora.xtec.cat\/escolalavilapalamos\/wp-json\/wp\/v2\/categories?post=15574"},{"taxonomy":"post_tag","embeddable":true,"href":"https:\/\/agora.xtec.cat\/escolalavilapalamos\/wp-json\/wp\/v2\/tags?post=15574"}],"curies":[{"name":"wp","href":"https:\/\/api.w.org\/{rel}","templated":true}]}}