{"id":15562,"date":"2025-04-09T09:00:08","date_gmt":"2025-04-09T07:00:08","guid":{"rendered":"https:\/\/agora.xtec.cat\/escolalavilapalamos\/?p=15562"},"modified":"2025-04-09T09:08:25","modified_gmt":"2025-04-09T07:08:25","slug":"jornades-multiesportives-1r-i-2n","status":"publish","type":"post","link":"https:\/\/agora.xtec.cat\/escolalavilapalamos\/general\/jornades-multiesportives-1r-i-2n\/","title":{"rendered":"Jornades multiesportives 1r i 2n"},"content":{"rendered":"<p>El dimarts 8 d&#8217;abril els nens i nenes de 1r i 2n han pogut gaudir, un any m\u00e9s, de la Jornada multiesportiva. Hem passat un mat\u00ed fant\u00e0stic amb companyes i companys de les altres escoles de Palam\u00f3s. El Departament d&#8217;Esports de l&#8217;Ajuntament de Palam\u00f3s amb l&#8217;ajuda dels mestres d&#8217;Educaci\u00f3 F\u00edsica del municipi han preparat jocs molt divertits per poder gaudir de l&#8217;esport en un entorn de luxe, l&#8217;Estadi Municipal de Palam\u00f3s. Fins i tot el temps ha estat un luxe!<\/p>\n<p>Podeu veure algunes imatges<a href=\"https:\/\/agora.xtec.cat\/escolalavilapalamos\/general\/fotos-jornades-multiesportives\/\"> aqu\u00ed<\/a><\/p>\n<p><a href=\"https:\/\/agora.xtec.cat\/escolalavilapalamos\/wp-content\/uploads\/usu897\/2025\/04\/image8-2.jpeg\"><img loading=\"lazy\" decoding=\"async\" class=\"size-medium wp-image-15563 aligncenter\" src=\"https:\/\/agora.xtec.cat\/escolalavilapalamos\/wp-content\/uploads\/usu897\/2025\/04\/image8-2-300x225.jpeg\" alt=\"\" width=\"300\" height=\"225\" srcset=\"https:\/\/agora.xtec.cat\/escolalavilapalamos\/wp-content\/uploads\/usu897\/2025\/04\/image8-2-300x225.jpeg 300w, https:\/\/agora.xtec.cat\/escolalavilapalamos\/wp-content\/uploads\/usu897\/2025\/04\/image8-2-1024x768.jpeg 1024w, https:\/\/agora.xtec.cat\/escolalavilapalamos\/wp-content\/uploads\/usu897\/2025\/04\/image8-2-768x576.jpeg 768w, https:\/\/agora.xtec.cat\/escolalavilapalamos\/wp-content\/uploads\/usu897\/2025\/04\/image8-2-1536x1152.jpeg 1536w, https:\/\/agora.xtec.cat\/escolalavilapalamos\/wp-content\/uploads\/usu897\/2025\/04\/image8-2-200x150.jpeg 200w, https:\/\/agora.xtec.cat\/escolalavilapalamos\/wp-content\/uploads\/usu897\/2025\/04\/image8-2.jpeg 2016w\" sizes=\"auto, (max-width: 300px) 100vw, 300px\" \/><\/a><\/p>\n","protected":false},"excerpt":{"rendered":"<p>El dimarts 8 d&#8217;abril els nens i nenes de 1r i 2n han pogut gaudir, un any m\u00e9s, de la Jornada multiesportiva. Hem passat un mat\u00ed fant\u00e0stic amb companyes i companys de les altres escoles de Palam\u00f3s. El Departament d&#8217;Esports de l&#8217;Ajuntament de Palam\u00f3s amb&hellip;  <a href=\"https:\/\/agora.xtec.cat\/escolalavilapalamos\/general\/jornades-multiesportives-1r-i-2n\/\" title=\"Read Jornades multiesportives 1r i 2n\">Llegeix m\u00e9s\u00bb<\/a><\/p>\n","protected":false},"author":131,"featured_media":0,"comment_status":"open","ping_status":"closed","sticky":false,"template":"","format":"standard","meta":{"_bbp_topic_count":0,"_bbp_reply_count":0,"_bbp_total_topic_count":0,"_bbp_total_reply_count":0,"_bbp_voice_count":0,"_bbp_anonymous_reply_count":0,"_bbp_topic_count_hidden":0,"_bbp_reply_count_hidden":0,"_bbp_forum_subforum_count":0,"footnotes":""},"categories":[127,1,4],"tags":[],"class_list":["post-15562","post","type-post","status-publish","format-standard","hentry","category-comunitat-de-mitjans","category-general","category-portada"],"post_mailing_queue_ids":[],"_links":{"self":[{"href":"https:\/\/agora.xtec.cat\/escolalavilapalamos\/wp-json\/wp\/v2\/posts\/15562","targetHints":{"allow":["GET"]}}],"collection":[{"href":"https:\/\/agora.xtec.cat\/escolalavilapalamos\/wp-json\/wp\/v2\/posts"}],"about":[{"href":"https:\/\/agora.xtec.cat\/escolalavilapalamos\/wp-json\/wp\/v2\/types\/post"}],"author":[{"embeddable":true,"href":"https:\/\/agora.xtec.cat\/escolalavilapalamos\/wp-json\/wp\/v2\/users\/131"}],"replies":[{"embeddable":true,"href":"https:\/\/agora.xtec.cat\/escolalavilapalamos\/wp-json\/wp\/v2\/comments?post=15562"}],"version-history":[{"count":2,"href":"https:\/\/agora.xtec.cat\/escolalavilapalamos\/wp-json\/wp\/v2\/posts\/15562\/revisions"}],"predecessor-version":[{"id":15569,"href":"https:\/\/agora.xtec.cat\/escolalavilapalamos\/wp-json\/wp\/v2\/posts\/15562\/revisions\/15569"}],"wp:attachment":[{"href":"https:\/\/agora.xtec.cat\/escolalavilapalamos\/wp-json\/wp\/v2\/media?parent=15562"}],"wp:term":[{"taxonomy":"category","embeddable":true,"href":"https:\/\/agora.xtec.cat\/escolalavilapalamos\/wp-json\/wp\/v2\/categories?post=15562"},{"taxonomy":"post_tag","embeddable":true,"href":"https:\/\/agora.xtec.cat\/escolalavilapalamos\/wp-json\/wp\/v2\/tags?post=15562"}],"curies":[{"name":"wp","href":"https:\/\/api.w.org\/{rel}","templated":true}]}}