{"id":15543,"date":"2025-04-04T10:12:53","date_gmt":"2025-04-04T08:12:53","guid":{"rendered":"https:\/\/agora.xtec.cat\/escolalavilapalamos\/?p=15543"},"modified":"2025-04-04T10:12:53","modified_gmt":"2025-04-04T08:12:53","slug":"sortida-dels-infants-de-i3-a-corca","status":"publish","type":"post","link":"https:\/\/agora.xtec.cat\/escolalavilapalamos\/general\/sortida-dels-infants-de-i3-a-corca\/","title":{"rendered":"SORTIDA DELS INFANTS DE I3 A COR\u00c7\u00c0"},"content":{"rendered":"<p>El passat divendres 28 de mar\u00e7, els nens i nenes de I<a href=\"https:\/\/agora.xtec.cat\/escolalavilapalamos\/wp-content\/uploads\/usu897\/2025\/04\/IMG_9532-scaled.jpg\"><img loading=\"lazy\" decoding=\"async\" class=\"wp-image-15548 alignleft\" src=\"https:\/\/agora.xtec.cat\/escolalavilapalamos\/wp-content\/uploads\/usu897\/2025\/04\/IMG_9532-1024x768.jpg\" alt=\"\" width=\"352\" height=\"264\" srcset=\"https:\/\/agora.xtec.cat\/escolalavilapalamos\/wp-content\/uploads\/usu897\/2025\/04\/IMG_9532-1024x768.jpg 1024w, https:\/\/agora.xtec.cat\/escolalavilapalamos\/wp-content\/uploads\/usu897\/2025\/04\/IMG_9532-300x225.jpg 300w, https:\/\/agora.xtec.cat\/escolalavilapalamos\/wp-content\/uploads\/usu897\/2025\/04\/IMG_9532-768x576.jpg 768w, https:\/\/agora.xtec.cat\/escolalavilapalamos\/wp-content\/uploads\/usu897\/2025\/04\/IMG_9532-1536x1152.jpg 1536w, https:\/\/agora.xtec.cat\/escolalavilapalamos\/wp-content\/uploads\/usu897\/2025\/04\/IMG_9532-2048x1536.jpg 2048w, https:\/\/agora.xtec.cat\/escolalavilapalamos\/wp-content\/uploads\/usu897\/2025\/04\/IMG_9532-200x150.jpg 200w\" sizes=\"auto, (max-width: 352px) 100vw, 352px\" \/><\/a>3, vam anar a la casa de col\u00f2nies l\u2019Ocell de Cor\u00e7\u00e0.<\/p>\n<p>Tots i totes est\u00e0vem molt emocionats per pujar a l\u2019autocar que ens portaria a veure tots els animals de la granja. Durant la setmana n\u2019hav\u00edem estat parlant i ten\u00edem molta curiositat de veure\u2019ls en directe.<\/p>\n<p>A l\u2019arribada ens esperaven els grangers, que despr\u00e9s d\u2019esmorzar, ens van venir a buscar per fer el taller \u00abCuidem els animals\u00bb<\/p>\n<p>Vam donar menjar al poni, al cavall i al burro. Vam veure dues alpaques, els conills, les tortugues, els coloms, les gallines i els paons amb les seves plomes de colors.<\/p>\n<p>Despr\u00e9s de passar-ho molt b\u00e9 cuidant els animals, va arribar l\u2019hora de dinar. La cuinera ens va preparar macarrons, pollastre amb patates i gelat. Un dinar bon\u00edssim!<\/p>\n<p>Amb la panxa plena vam fer el taller de maquillatge i vam ballar fins que l\u2019autocar ens va venir a recollir.<\/p>\n<p>El viatge de tornada va ser d\u2019all\u00f2 m\u00e9s tranquil perqu\u00e8 molts de nosaltres ens vam adormir.<\/p>\n<p>Amb ganes de fer la seg\u00fcent sortida.<\/p>\n<p>Podeu veure les fotos accedint <a href=\"https:\/\/agora.xtec.cat\/escolalavilapalamos\/general\/fotos-sortida-corca\/\">aqu\u00ed.<\/a><\/p>\n<p>&nbsp;<\/p>\n","protected":false},"excerpt":{"rendered":"<p>El passat divendres 28 de mar\u00e7, els nens i nenes de I<a href=\"https:\/\/agora.xtec.cat\/escolalavilapalamos\/wp-content\/uploads\/usu897\/2025\/04\/IMG_9532-scaled.jpg\"><\/a>3, vam anar a la casa de col\u00f2nies l\u2019Ocell de Cor\u00e7\u00e0.<br \/>\nTots i totes est\u00e0vem molt emocionats per pujar a l\u2019autocar que ens portaria a veure tots els animals de la granja. Durant la&hellip;  <a href=\"https:\/\/agora.xtec.cat\/escolalavilapalamos\/general\/sortida-dels-infants-de-i3-a-corca\/\" title=\"Read SORTIDA DELS INFANTS DE I3 A COR\u00c7\u00c0\">Llegeix m\u00e9s\u00bb<\/a><\/p>\n","protected":false},"author":128,"featured_media":0,"comment_status":"open","ping_status":"closed","sticky":false,"template":"","format":"standard","meta":{"_bbp_topic_count":0,"_bbp_reply_count":0,"_bbp_total_topic_count":0,"_bbp_total_reply_count":0,"_bbp_voice_count":0,"_bbp_anonymous_reply_count":0,"_bbp_topic_count_hidden":0,"_bbp_reply_count_hidden":0,"_bbp_forum_subforum_count":0,"footnotes":""},"categories":[2,1,4],"tags":[],"class_list":["post-15543","post","type-post","status-publish","format-standard","hentry","category-infantil","category-general","category-portada"],"post_mailing_queue_ids":[],"_links":{"self":[{"href":"https:\/\/agora.xtec.cat\/escolalavilapalamos\/wp-json\/wp\/v2\/posts\/15543","targetHints":{"allow":["GET"]}}],"collection":[{"href":"https:\/\/agora.xtec.cat\/escolalavilapalamos\/wp-json\/wp\/v2\/posts"}],"about":[{"href":"https:\/\/agora.xtec.cat\/escolalavilapalamos\/wp-json\/wp\/v2\/types\/post"}],"author":[{"embeddable":true,"href":"https:\/\/agora.xtec.cat\/escolalavilapalamos\/wp-json\/wp\/v2\/users\/128"}],"replies":[{"embeddable":true,"href":"https:\/\/agora.xtec.cat\/escolalavilapalamos\/wp-json\/wp\/v2\/comments?post=15543"}],"version-history":[{"count":2,"href":"https:\/\/agora.xtec.cat\/escolalavilapalamos\/wp-json\/wp\/v2\/posts\/15543\/revisions"}],"predecessor-version":[{"id":15549,"href":"https:\/\/agora.xtec.cat\/escolalavilapalamos\/wp-json\/wp\/v2\/posts\/15543\/revisions\/15549"}],"wp:attachment":[{"href":"https:\/\/agora.xtec.cat\/escolalavilapalamos\/wp-json\/wp\/v2\/media?parent=15543"}],"wp:term":[{"taxonomy":"category","embeddable":true,"href":"https:\/\/agora.xtec.cat\/escolalavilapalamos\/wp-json\/wp\/v2\/categories?post=15543"},{"taxonomy":"post_tag","embeddable":true,"href":"https:\/\/agora.xtec.cat\/escolalavilapalamos\/wp-json\/wp\/v2\/tags?post=15543"}],"curies":[{"name":"wp","href":"https:\/\/api.w.org\/{rel}","templated":true}]}}