{"id":15534,"date":"2025-03-31T19:40:24","date_gmt":"2025-03-31T17:40:24","guid":{"rendered":"https:\/\/agora.xtec.cat\/escolalavilapalamos\/?p=15534"},"modified":"2025-04-09T09:06:45","modified_gmt":"2025-04-09T07:06:45","slug":"sortida-de-5e-al-mnatec","status":"publish","type":"post","link":"https:\/\/agora.xtec.cat\/escolalavilapalamos\/general\/sortida-de-5e-al-mnatec\/","title":{"rendered":"Sortida de 5\u00e8 al MNATEC"},"content":{"rendered":"<p>El passat 26 de mar\u00e7, l&#8217;alumnat de 5\u00e8 vam anar d&#8217;excursi\u00f3 a Terrassa per con\u00e8ixer el Museu Nacional de la Ci\u00e8ncia i la T\u00e8cnica de Catalunya i realitzar un taller sobre engranatges. Aquesta sortida complementa tot el que hem apr\u00e8s sobre les m\u00e0quines simples a treball globalitzat, ja que juntament amb hist\u00f2ria, han estat els dos blocs que hem treballat al llarg d&#8217;aquest segon trimestre de curs.<\/p>\n<p>En breu us ensenyarem les m\u00e0quines simples que hem creat!!!<\/p>\n<p>Va ser una sortida que ens va agradar molt. Podeu veure les fotos, accedint <a href=\"https:\/\/agora.xtec.cat\/escolalavilapalamos\/general\/fotos-5e-mnatec\/\">aqu\u00ed<\/a><\/p>\n<p><a href=\"https:\/\/agora.xtec.cat\/escolalavilapalamos\/wp-content\/uploads\/usu897\/2025\/03\/IMG_3009.jpg\"><img loading=\"lazy\" decoding=\"async\" class=\"aligncenter  wp-image-15570\" src=\"https:\/\/agora.xtec.cat\/escolalavilapalamos\/wp-content\/uploads\/usu897\/2025\/03\/IMG_3009.jpg\" alt=\"\" width=\"337\" height=\"253\" srcset=\"https:\/\/agora.xtec.cat\/escolalavilapalamos\/wp-content\/uploads\/usu897\/2025\/03\/IMG_3009.jpg 640w, https:\/\/agora.xtec.cat\/escolalavilapalamos\/wp-content\/uploads\/usu897\/2025\/03\/IMG_3009-300x225.jpg 300w, https:\/\/agora.xtec.cat\/escolalavilapalamos\/wp-content\/uploads\/usu897\/2025\/03\/IMG_3009-200x150.jpg 200w\" sizes=\"auto, (max-width: 337px) 100vw, 337px\" \/><\/a><\/p>\n","protected":false},"excerpt":{"rendered":"<p>El passat 26 de mar\u00e7, l&#8217;alumnat de 5\u00e8 vam anar d&#8217;excursi\u00f3 a Terrassa per con\u00e8ixer el Museu Nacional de la Ci\u00e8ncia i la T\u00e8cnica de Catalunya i realitzar un taller sobre engranatges. Aquesta sortida complementa tot el que hem apr\u00e8s sobre les m\u00e0quines simples a&hellip;  <a href=\"https:\/\/agora.xtec.cat\/escolalavilapalamos\/general\/sortida-de-5e-al-mnatec\/\" title=\"Read Sortida de 5\u00e8 al MNATEC\">Llegeix m\u00e9s\u00bb<\/a><\/p>\n","protected":false},"author":132,"featured_media":0,"comment_status":"open","ping_status":"closed","sticky":false,"template":"","format":"standard","meta":{"_bbp_topic_count":0,"_bbp_reply_count":0,"_bbp_total_topic_count":0,"_bbp_total_reply_count":0,"_bbp_voice_count":0,"_bbp_anonymous_reply_count":0,"_bbp_topic_count_hidden":0,"_bbp_reply_count_hidden":0,"_bbp_forum_subforum_count":0,"footnotes":""},"categories":[1,4],"tags":[],"class_list":["post-15534","post","type-post","status-publish","format-standard","hentry","category-general","category-portada"],"post_mailing_queue_ids":[],"_links":{"self":[{"href":"https:\/\/agora.xtec.cat\/escolalavilapalamos\/wp-json\/wp\/v2\/posts\/15534","targetHints":{"allow":["GET"]}}],"collection":[{"href":"https:\/\/agora.xtec.cat\/escolalavilapalamos\/wp-json\/wp\/v2\/posts"}],"about":[{"href":"https:\/\/agora.xtec.cat\/escolalavilapalamos\/wp-json\/wp\/v2\/types\/post"}],"author":[{"embeddable":true,"href":"https:\/\/agora.xtec.cat\/escolalavilapalamos\/wp-json\/wp\/v2\/users\/132"}],"replies":[{"embeddable":true,"href":"https:\/\/agora.xtec.cat\/escolalavilapalamos\/wp-json\/wp\/v2\/comments?post=15534"}],"version-history":[{"count":4,"href":"https:\/\/agora.xtec.cat\/escolalavilapalamos\/wp-json\/wp\/v2\/posts\/15534\/revisions"}],"predecessor-version":[{"id":15571,"href":"https:\/\/agora.xtec.cat\/escolalavilapalamos\/wp-json\/wp\/v2\/posts\/15534\/revisions\/15571"}],"wp:attachment":[{"href":"https:\/\/agora.xtec.cat\/escolalavilapalamos\/wp-json\/wp\/v2\/media?parent=15534"}],"wp:term":[{"taxonomy":"category","embeddable":true,"href":"https:\/\/agora.xtec.cat\/escolalavilapalamos\/wp-json\/wp\/v2\/categories?post=15534"},{"taxonomy":"post_tag","embeddable":true,"href":"https:\/\/agora.xtec.cat\/escolalavilapalamos\/wp-json\/wp\/v2\/tags?post=15534"}],"curies":[{"name":"wp","href":"https:\/\/api.w.org\/{rel}","templated":true}]}}