{"id":15525,"date":"2025-03-28T15:31:06","date_gmt":"2025-03-28T14:31:06","guid":{"rendered":"https:\/\/agora.xtec.cat\/escolalavilapalamos\/?p=15525"},"modified":"2025-03-28T15:31:06","modified_gmt":"2025-03-28T14:31:06","slug":"aprenem-educacio-viaria-a-i5","status":"publish","type":"post","link":"https:\/\/agora.xtec.cat\/escolalavilapalamos\/general\/aprenem-educacio-viaria-a-i5\/","title":{"rendered":"APRENEM EDUCACI\u00d3 VI\u00c0RIA A I5"},"content":{"rendered":"<p data-pm-slice=\"1 1 []\">Els nens i nenes de I5 han participat en un taller d&#8217;educaci\u00f3 vial organitzat per la Policia Local. L&#8217;activitat ha constat de dues parts molt interessants i enriquidores.<\/p>\n<p>El dilluns, els agents van visitar l&#8217;aula per parlar sobre la seguretat vi\u00e0ria. Ens van explicar la import\u00e0ncia de portar el cintur\u00f3 de seguretat i utilitzar la cadira o l&#8217;elevador al cotxe.<\/p>\n<p>El divendres, vam visitar la comissaria de la Policia Local. Els agents ens van recollir a l&#8217;escola i, durant el cam\u00ed, ens van ensenyar com hem de caminar pels carrers, travessar els encreuaments de manera segura i estar atents als senyals de tr\u00e0nsit. Un cop a la comissaria, vam con\u00e8ixer les instal\u00b7lacions, com la centraleta, les oficines i els vestidors. La part m\u00e9s emocionant va ser la visita al garatge, on vam veure de prop els vehicles policials i fins i tot vam poder pujar-hi.<\/p>\n<p>Aquest taller ha estat una experi\u00e8ncia molt educativa i divertida per als infants. Han apr\u00e8s conceptes essencials de seguretat vi\u00e0ria d&#8217;una manera pr\u00e0ctica i vivencial. Agra\u00efm a la Policia Local per la seva dedicaci\u00f3 i per fer-nos passar una setmana tan especial.<\/p>\n<p>PODEU VEURE LES FOTOS ACCEDINT <a href=\"https:\/\/agora.xtec.cat\/escolalavilapalamos\/general\/fotos-educacio-vial\/\">AQU\u00cd<\/a><a href=\"https:\/\/agora.xtec.cat\/escolalavilapalamos\/wp-content\/uploads\/usu897\/2025\/03\/IMG_1989-scaled.jpg\"><img loading=\"lazy\" decoding=\"async\" class=\"aligncenter wp-image-15529\" src=\"https:\/\/agora.xtec.cat\/escolalavilapalamos\/wp-content\/uploads\/usu897\/2025\/03\/IMG_1989-1024x768.jpg\" alt=\"\" width=\"485\" height=\"364\" srcset=\"https:\/\/agora.xtec.cat\/escolalavilapalamos\/wp-content\/uploads\/usu897\/2025\/03\/IMG_1989-1024x768.jpg 1024w, https:\/\/agora.xtec.cat\/escolalavilapalamos\/wp-content\/uploads\/usu897\/2025\/03\/IMG_1989-300x225.jpg 300w, https:\/\/agora.xtec.cat\/escolalavilapalamos\/wp-content\/uploads\/usu897\/2025\/03\/IMG_1989-768x576.jpg 768w, https:\/\/agora.xtec.cat\/escolalavilapalamos\/wp-content\/uploads\/usu897\/2025\/03\/IMG_1989-1536x1152.jpg 1536w, https:\/\/agora.xtec.cat\/escolalavilapalamos\/wp-content\/uploads\/usu897\/2025\/03\/IMG_1989-2048x1536.jpg 2048w, https:\/\/agora.xtec.cat\/escolalavilapalamos\/wp-content\/uploads\/usu897\/2025\/03\/IMG_1989-200x150.jpg 200w\" sizes=\"auto, (max-width: 485px) 100vw, 485px\" \/><\/a><\/p>\n","protected":false},"excerpt":{"rendered":"<p>Els nens i nenes de I5 han participat en un taller d&#8217;educaci\u00f3 vial organitzat per la Policia Local. L&#8217;activitat ha constat de dues parts molt interessants i enriquidores.<br \/>\nEl dilluns, els agents van visitar l&#8217;aula per parlar sobre la seguretat vi\u00e0ria. Ens van explicar la import\u00e0ncia&hellip;  <a href=\"https:\/\/agora.xtec.cat\/escolalavilapalamos\/general\/aprenem-educacio-viaria-a-i5\/\" title=\"Read APRENEM EDUCACI\u00d3 VI\u00c0RIA A I5\">Llegeix m\u00e9s\u00bb<\/a><\/p>\n","protected":false},"author":128,"featured_media":0,"comment_status":"open","ping_status":"closed","sticky":false,"template":"","format":"standard","meta":{"_bbp_topic_count":0,"_bbp_reply_count":0,"_bbp_total_topic_count":0,"_bbp_total_reply_count":0,"_bbp_voice_count":0,"_bbp_anonymous_reply_count":0,"_bbp_topic_count_hidden":0,"_bbp_reply_count_hidden":0,"_bbp_forum_subforum_count":0,"footnotes":""},"categories":[2,1,4],"tags":[],"class_list":["post-15525","post","type-post","status-publish","format-standard","hentry","category-infantil","category-general","category-portada"],"post_mailing_queue_ids":[],"_links":{"self":[{"href":"https:\/\/agora.xtec.cat\/escolalavilapalamos\/wp-json\/wp\/v2\/posts\/15525","targetHints":{"allow":["GET"]}}],"collection":[{"href":"https:\/\/agora.xtec.cat\/escolalavilapalamos\/wp-json\/wp\/v2\/posts"}],"about":[{"href":"https:\/\/agora.xtec.cat\/escolalavilapalamos\/wp-json\/wp\/v2\/types\/post"}],"author":[{"embeddable":true,"href":"https:\/\/agora.xtec.cat\/escolalavilapalamos\/wp-json\/wp\/v2\/users\/128"}],"replies":[{"embeddable":true,"href":"https:\/\/agora.xtec.cat\/escolalavilapalamos\/wp-json\/wp\/v2\/comments?post=15525"}],"version-history":[{"count":2,"href":"https:\/\/agora.xtec.cat\/escolalavilapalamos\/wp-json\/wp\/v2\/posts\/15525\/revisions"}],"predecessor-version":[{"id":15530,"href":"https:\/\/agora.xtec.cat\/escolalavilapalamos\/wp-json\/wp\/v2\/posts\/15525\/revisions\/15530"}],"wp:attachment":[{"href":"https:\/\/agora.xtec.cat\/escolalavilapalamos\/wp-json\/wp\/v2\/media?parent=15525"}],"wp:term":[{"taxonomy":"category","embeddable":true,"href":"https:\/\/agora.xtec.cat\/escolalavilapalamos\/wp-json\/wp\/v2\/categories?post=15525"},{"taxonomy":"post_tag","embeddable":true,"href":"https:\/\/agora.xtec.cat\/escolalavilapalamos\/wp-json\/wp\/v2\/tags?post=15525"}],"curies":[{"name":"wp","href":"https:\/\/api.w.org\/{rel}","templated":true}]}}