{"id":15509,"date":"2025-03-26T12:52:00","date_gmt":"2025-03-26T11:52:00","guid":{"rendered":"https:\/\/agora.xtec.cat\/escolalavilapalamos\/?p=15509"},"modified":"2025-03-26T12:52:00","modified_gmt":"2025-03-26T11:52:00","slug":"tin-ton-alumnes-de-5e-2","status":"publish","type":"post","link":"https:\/\/agora.xtec.cat\/escolalavilapalamos\/general\/tin-ton-alumnes-de-5e-2\/","title":{"rendered":"TIN TON ( alumnes de 5\u00e8 )"},"content":{"rendered":"<p>Aprendre a tocar instruments \u00e9s molt motivador pels nostres infants. Amb els i les alumnes de 5\u00e8 hem apr\u00e8s a tocar al can\u00e7\u00f3 TIN TON amb carillons i fer un petit acompanyament amb el piano amb les notes DO-SOL. Ha sigut tot un proc\u00e9s que vam iniciar amb el treball de con\u00e8ixer la partitura, el ritme amb les notes, la melodia i tot seguit com tocar-la amb els instruments. El resultat final ha sigut fant\u00e0stic!<\/p>\n<p>A l&#8217;<a href=\"https:\/\/agora.xtec.cat\/escolalavilapalamos\/general\/tin-ton-alumnes-de-5e\/\">enlla\u00e7<\/a> que us deixem podeu veure v\u00eddeos i imatges del proc\u00e9s.<\/p>\n<p><a href=\"https:\/\/agora.xtec.cat\/escolalavilapalamos\/wp-content\/uploads\/usu897\/2025\/03\/20250213_093824-scaled.jpg\"><img loading=\"lazy\" decoding=\"async\" class=\"aligncenter  wp-image-15518\" src=\"https:\/\/agora.xtec.cat\/escolalavilapalamos\/wp-content\/uploads\/usu897\/2025\/03\/20250213_093824-1024x462.jpg\" alt=\"\" width=\"527\" height=\"238\" srcset=\"https:\/\/agora.xtec.cat\/escolalavilapalamos\/wp-content\/uploads\/usu897\/2025\/03\/20250213_093824-1024x462.jpg 1024w, https:\/\/agora.xtec.cat\/escolalavilapalamos\/wp-content\/uploads\/usu897\/2025\/03\/20250213_093824-300x135.jpg 300w, https:\/\/agora.xtec.cat\/escolalavilapalamos\/wp-content\/uploads\/usu897\/2025\/03\/20250213_093824-768x346.jpg 768w, https:\/\/agora.xtec.cat\/escolalavilapalamos\/wp-content\/uploads\/usu897\/2025\/03\/20250213_093824-1536x692.jpg 1536w, https:\/\/agora.xtec.cat\/escolalavilapalamos\/wp-content\/uploads\/usu897\/2025\/03\/20250213_093824-2048x923.jpg 2048w\" sizes=\"auto, (max-width: 527px) 100vw, 527px\" \/><\/a><\/p>\n","protected":false},"excerpt":{"rendered":"<p>Aprendre a tocar instruments \u00e9s molt motivador pels nostres infants. Amb els i les alumnes de 5\u00e8 hem apr\u00e8s a tocar al can\u00e7\u00f3 TIN TON amb carillons i fer un petit acompanyament amb el piano amb les notes DO-SOL. Ha sigut tot un proc\u00e9s que&hellip;  <a href=\"https:\/\/agora.xtec.cat\/escolalavilapalamos\/general\/tin-ton-alumnes-de-5e-2\/\" title=\"Read TIN TON ( alumnes de 5\u00e8 )\">Llegeix m\u00e9s\u00bb<\/a><\/p>\n","protected":false},"author":132,"featured_media":0,"comment_status":"open","ping_status":"closed","sticky":false,"template":"","format":"standard","meta":{"_bbp_topic_count":0,"_bbp_reply_count":0,"_bbp_total_topic_count":0,"_bbp_total_reply_count":0,"_bbp_voice_count":0,"_bbp_anonymous_reply_count":0,"_bbp_topic_count_hidden":0,"_bbp_reply_count_hidden":0,"_bbp_forum_subforum_count":0,"footnotes":""},"categories":[128,67,1,4],"tags":[],"class_list":["post-15509","post","type-post","status-publish","format-standard","hentry","category-comunitat-de-grans","category-especialistes","category-general","category-portada"],"post_mailing_queue_ids":[],"_links":{"self":[{"href":"https:\/\/agora.xtec.cat\/escolalavilapalamos\/wp-json\/wp\/v2\/posts\/15509","targetHints":{"allow":["GET"]}}],"collection":[{"href":"https:\/\/agora.xtec.cat\/escolalavilapalamos\/wp-json\/wp\/v2\/posts"}],"about":[{"href":"https:\/\/agora.xtec.cat\/escolalavilapalamos\/wp-json\/wp\/v2\/types\/post"}],"author":[{"embeddable":true,"href":"https:\/\/agora.xtec.cat\/escolalavilapalamos\/wp-json\/wp\/v2\/users\/132"}],"replies":[{"embeddable":true,"href":"https:\/\/agora.xtec.cat\/escolalavilapalamos\/wp-json\/wp\/v2\/comments?post=15509"}],"version-history":[{"count":3,"href":"https:\/\/agora.xtec.cat\/escolalavilapalamos\/wp-json\/wp\/v2\/posts\/15509\/revisions"}],"predecessor-version":[{"id":15519,"href":"https:\/\/agora.xtec.cat\/escolalavilapalamos\/wp-json\/wp\/v2\/posts\/15509\/revisions\/15519"}],"wp:attachment":[{"href":"https:\/\/agora.xtec.cat\/escolalavilapalamos\/wp-json\/wp\/v2\/media?parent=15509"}],"wp:term":[{"taxonomy":"category","embeddable":true,"href":"https:\/\/agora.xtec.cat\/escolalavilapalamos\/wp-json\/wp\/v2\/categories?post=15509"},{"taxonomy":"post_tag","embeddable":true,"href":"https:\/\/agora.xtec.cat\/escolalavilapalamos\/wp-json\/wp\/v2\/tags?post=15509"}],"curies":[{"name":"wp","href":"https:\/\/api.w.org\/{rel}","templated":true}]}}