{"id":15506,"date":"2025-03-25T12:00:00","date_gmt":"2025-03-25T11:00:00","guid":{"rendered":"https:\/\/agora.xtec.cat\/escolalavilapalamos\/?p=15506"},"modified":"2025-03-25T15:33:09","modified_gmt":"2025-03-25T14:33:09","slug":"cantata-alumnes-de-1r","status":"publish","type":"post","link":"https:\/\/agora.xtec.cat\/escolalavilapalamos\/general\/cantata-alumnes-de-1r\/","title":{"rendered":"Cantata alumnes de 1r"},"content":{"rendered":"<p style=\"text-align: left;\">El divendres 14 de mar\u00e7 els i les alumnes de 1r vam participar en la cantata escolar que organitzen les mestres de m\u00fasica de les diferents escoles de Palam\u00f3s. Enguany la cantata es deia: L&#8217;avi mariner. Els nens i les nenes van interpretar quatre can\u00e7ons: Tinc un avi, Marineres com que bufa el vent, La mar estava salada i una adaptaci\u00f3 de l&#8217;Himne dels pirates del musical &#8220;Mar i cel&#8221;. Tot aix\u00f2 acompanyat de tres m\u00fasics que\u00a0 van tocar en directe durant la cantata. Hem gaudit molt preparant les can\u00e7ons per\u00f2 sobretot compartint escenari amb tots els nens i nenes de les diferents escoles del poble.<\/p>\n<p><a href=\"https:\/\/agora.xtec.cat\/escolalavilapalamos\/wp-content\/uploads\/usu897\/2025\/03\/WhatsApp-Image-2025-03-25-at-10.28.25.jpeg\"><img loading=\"lazy\" decoding=\"async\" class=\"size-medium wp-image-15507 aligncenter\" src=\"https:\/\/agora.xtec.cat\/escolalavilapalamos\/wp-content\/uploads\/usu897\/2025\/03\/WhatsApp-Image-2025-03-25-at-10.28.25-300x225.jpeg\" alt=\"\" width=\"300\" height=\"225\" srcset=\"https:\/\/agora.xtec.cat\/escolalavilapalamos\/wp-content\/uploads\/usu897\/2025\/03\/WhatsApp-Image-2025-03-25-at-10.28.25-300x225.jpeg 300w, https:\/\/agora.xtec.cat\/escolalavilapalamos\/wp-content\/uploads\/usu897\/2025\/03\/WhatsApp-Image-2025-03-25-at-10.28.25-1024x768.jpeg 1024w, https:\/\/agora.xtec.cat\/escolalavilapalamos\/wp-content\/uploads\/usu897\/2025\/03\/WhatsApp-Image-2025-03-25-at-10.28.25-768x576.jpeg 768w, https:\/\/agora.xtec.cat\/escolalavilapalamos\/wp-content\/uploads\/usu897\/2025\/03\/WhatsApp-Image-2025-03-25-at-10.28.25-1536x1152.jpeg 1536w, https:\/\/agora.xtec.cat\/escolalavilapalamos\/wp-content\/uploads\/usu897\/2025\/03\/WhatsApp-Image-2025-03-25-at-10.28.25-200x150.jpeg 200w, https:\/\/agora.xtec.cat\/escolalavilapalamos\/wp-content\/uploads\/usu897\/2025\/03\/WhatsApp-Image-2025-03-25-at-10.28.25.jpeg 1600w\" sizes=\"auto, (max-width: 300px) 100vw, 300px\" \/><\/a><\/p>\n<p>&nbsp;<\/p>\n","protected":false},"excerpt":{"rendered":"<p>El divendres 14 de mar\u00e7 els i les alumnes de 1r vam participar en la cantata escolar que organitzen les mestres de m\u00fasica de les diferents escoles de Palam\u00f3s. Enguany la cantata es deia: L&#8217;avi mariner. Els nens i les nenes van interpretar quatre can\u00e7ons:&hellip;  <a href=\"https:\/\/agora.xtec.cat\/escolalavilapalamos\/general\/cantata-alumnes-de-1r\/\" title=\"Read Cantata alumnes de 1r\">Llegeix m\u00e9s\u00bb<\/a><\/p>\n","protected":false},"author":131,"featured_media":0,"comment_status":"open","ping_status":"closed","sticky":false,"template":"","format":"standard","meta":{"_bbp_topic_count":0,"_bbp_reply_count":0,"_bbp_total_topic_count":0,"_bbp_total_reply_count":0,"_bbp_voice_count":0,"_bbp_anonymous_reply_count":0,"_bbp_topic_count_hidden":0,"_bbp_reply_count_hidden":0,"_bbp_forum_subforum_count":0,"footnotes":""},"categories":[127,67,1,4],"tags":[],"class_list":["post-15506","post","type-post","status-publish","format-standard","hentry","category-comunitat-de-mitjans","category-especialistes","category-general","category-portada"],"post_mailing_queue_ids":[],"_links":{"self":[{"href":"https:\/\/agora.xtec.cat\/escolalavilapalamos\/wp-json\/wp\/v2\/posts\/15506","targetHints":{"allow":["GET"]}}],"collection":[{"href":"https:\/\/agora.xtec.cat\/escolalavilapalamos\/wp-json\/wp\/v2\/posts"}],"about":[{"href":"https:\/\/agora.xtec.cat\/escolalavilapalamos\/wp-json\/wp\/v2\/types\/post"}],"author":[{"embeddable":true,"href":"https:\/\/agora.xtec.cat\/escolalavilapalamos\/wp-json\/wp\/v2\/users\/131"}],"replies":[{"embeddable":true,"href":"https:\/\/agora.xtec.cat\/escolalavilapalamos\/wp-json\/wp\/v2\/comments?post=15506"}],"version-history":[{"count":4,"href":"https:\/\/agora.xtec.cat\/escolalavilapalamos\/wp-json\/wp\/v2\/posts\/15506\/revisions"}],"predecessor-version":[{"id":15513,"href":"https:\/\/agora.xtec.cat\/escolalavilapalamos\/wp-json\/wp\/v2\/posts\/15506\/revisions\/15513"}],"wp:attachment":[{"href":"https:\/\/agora.xtec.cat\/escolalavilapalamos\/wp-json\/wp\/v2\/media?parent=15506"}],"wp:term":[{"taxonomy":"category","embeddable":true,"href":"https:\/\/agora.xtec.cat\/escolalavilapalamos\/wp-json\/wp\/v2\/categories?post=15506"},{"taxonomy":"post_tag","embeddable":true,"href":"https:\/\/agora.xtec.cat\/escolalavilapalamos\/wp-json\/wp\/v2\/tags?post=15506"}],"curies":[{"name":"wp","href":"https:\/\/api.w.org\/{rel}","templated":true}]}}